{"id":100767,"date":"2012-08-09T00:13:16","date_gmt":"2012-08-09T00:13:16","guid":{"rendered":"http:\/\/www.fuldaer-nachrichten.de\/?p=100767"},"modified":"2012-08-08T11:33:56","modified_gmt":"2012-08-08T11:33:56","slug":"startschuss-fur-das-duale-studium-17-tegut-studenten-im-bildungsunternehmen-dr-jordan-begrust","status":"publish","type":"post","link":"https:\/\/www.fuldaernachrichten.de\/?p=100767","title":{"rendered":"Startschuss f\u00fcr das Duale Studium &#8211; 17 tegut\u00e2\u20ac\u00a6-Studenten im Bildungsunternehmen Dr. Jordan begr\u00fc\u00dft"},"content":{"rendered":"<p><strong><a href=\"http:\/\/www.fuldaer-nachrichten.de\/wp-content\/uploads\/2012\/08\/Begr\u00fc\u00dfung-tegut-Studenten.jpg\"><img decoding=\"async\" class=\"alignleft size-thumbnail wp-image-100768\" title=\"Begr\u00fc\u00dfung tegut Studenten\" src=\"http:\/\/www.fuldaer-nachrichten.de\/wp-content\/uploads\/2012\/08\/Begr\u00fc\u00dfung-tegut-Studenten-265x147.jpg\" alt=\"\" width=\"265\" height=\"147\" \/><\/a>Fulda.<\/strong> Eine anstrengende und gleicherma\u00dfen aufregende Zeit mit H\u00f6hen und Tiefen \u2013 das erwartet die Studenten der tegut\u00e2\u20ac\u00a6 Gruppe 13 laut Direktor Prof. Dr. Lothar Jordan in den folgenden drei Jahren. Anl\u00e4sslich der feierlichen Begr\u00fc\u00dfung wurde jetzt der Startschuss f\u00fcr das Duale Studium gegeben, das die 17 Studenten im Unternehmen tegut\u00e2\u20ac\u00a6 sowie im Bildungsunternehmen Dr. Jordan absolvieren. Die enge Verzahnung von Theorie und Praxis soll die Nachwuchskr\u00e4fte bestm\u00f6glich auf ihren sp\u00e4teren Einsatz in tegut\u00e2\u20ac\u00a6-F\u00fchrungspositionen vorbereiten. Bereits seit 13 Jahren besteht die Kooperation zwischen tegut und dem Bildungsunternehmen \u2013 und das sehr erfolgreich, denn von insgesamt 256 Studenten haben 254 das Studium erfolgreich abgeschlossen.\u00c2\u00a0<!--more--><\/p>\n<p>Trotz aller bevorstehender Doppelbelastung von Lernen und Arbeiten forderte Dr. Jordan dazu auf, die eigene Freizeit zu nutzen, um sich immer wieder einmal zu justieren, sich mit sich selbst zu besch\u00e4ftigen und den pers\u00f6nlichen roten Faden zu finden. Auch wenn diese anstrengende Zeit von zahlreichen Lernschritten und Lernerfolgen und vielleicht auch einmal von R\u00fcckschl\u00e4gen gepr\u00e4gt sein sollte, w\u00fcrden die erlernten F\u00e4higkeiten die Studenten nicht nur beruflich, sondern auch auf pers\u00f6nlicher Ebene weiterbringen. Karl-Heinz Brand, tegut\u00e2\u20ac\u00a6-Gesch\u00e4ftsleitung Mensch und Arbeit, verdeutlichte in seiner Laudatio, dass es im Berufsleben \u2013 und vor allem bei tegut\u00e2\u20ac\u00a6 \u2013 nicht nur auf den Kopf, sondern auch auf das F\u00fchlen mit dem Herzen ank\u00e4me. \u201eWir haben uns vorgenommen, gemeinsam diesen Weg zu gehen. Durch die vielen Lernm\u00f6glichkeiten, Ihre eigene Initiative und die Betreuung durch die Schule und tegut\u00e2\u20ac\u00a6 wollen wir Ihnen vermitteln, Filialen und Mitarbeiter nicht nur fachlich top zu f\u00fchren, sondern auch auf der Beziehungsebene Gemeinschaften aufzubauen.\u201c Dass das Studium gro\u00dfes Engagement voraussetzt, verdeutlichte Studienleiter Prof. Dr. G\u00fcnter Solf: \u201eSie alle sind Ihres Gl\u00fcckes Schmied. Dabei sein ist alles \u2013 was auf die olympischen Spiele zutrifft, ist w\u00e4hrend dieser drei Jahre nicht tragbar. Engagieren Sie sich und nutzen Sie die Lernphasen intensiv.\u201c<\/p>\n<p><strong>BU:<\/strong> Die neuen tegut-Studenten des Bildungsunternehmens Dr. Jordan mit Studienleiter Prof. Dr. G\u00fcnter Solf, tegut\u00e2\u20ac\u00a6-Gesch\u00e4ftsleitung Mensch und Arbeit Karl-Heinz Brand, Klassenmentor Marcus R\u00f6der, Heike Enders, Ausbildungsreferentin im Bereich Lernen und Studieren, Prof. Dr. Lothar Jordan und Harald Bottin, tegut&#8230; Betriebsratsvorsitzender (v. l.).<\/p>\n","protected":false},"excerpt":{"rendered":"<div class=\"tmnf_excerpt\"><p>Fulda. Eine anstrengende und gleicherma\u00dfen aufregende Zeit mit H\u00f6hen und Tiefen \u2013 das erwartet die Studenten der tegut\u00e2\u20ac\u00a6 Gruppe 13 laut Direktor Prof. Dr. Lothar Jordan in den folgenden drei Jahren. Anl\u00e4sslich der feierlichen Begr\u00fc\u00dfung wurde jetzt der Startschuss f\u00fcr das Duale Studium gegeben, das die 17 Studenten im Unternehmen tegut\u00e2\u20ac\u00a6 sowie im Bildungsunternehmen Dr. &hellip;<\/p>\n<\/div>","protected":false},"author":1,"featured_media":0,"comment_status":"closed","ping_status":"closed","sticky":false,"template":"","format":"standard","meta":{"footnotes":""},"categories":[1,53],"tags":[],"class_list":["post-100767","post","type-post","status-publish","format-standard","hentry","category-startseite","category-bildung"],"_links":{"self":[{"href":"https:\/\/www.fuldaernachrichten.de\/index.php?rest_route=\/wp\/v2\/posts\/100767","targetHints":{"allow":["GET"]}}],"collection":[{"href":"https:\/\/www.fuldaernachrichten.de\/index.php?rest_route=\/wp\/v2\/posts"}],"about":[{"href":"https:\/\/www.fuldaernachrichten.de\/index.php?rest_route=\/wp\/v2\/types\/post"}],"author":[{"embeddable":true,"href":"https:\/\/www.fuldaernachrichten.de\/index.php?rest_route=\/wp\/v2\/users\/1"}],"replies":[{"embeddable":true,"href":"https:\/\/www.fuldaernachrichten.de\/index.php?rest_route=%2Fwp%2Fv2%2Fcomments&post=100767"}],"version-history":[{"count":0,"href":"https:\/\/www.fuldaernachrichten.de\/index.php?rest_route=\/wp\/v2\/posts\/100767\/revisions"}],"wp:attachment":[{"href":"https:\/\/www.fuldaernachrichten.de\/index.php?rest_route=%2Fwp%2Fv2%2Fmedia&parent=100767"}],"wp:term":[{"taxonomy":"category","embeddable":true,"href":"https:\/\/www.fuldaernachrichten.de\/index.php?rest_route=%2Fwp%2Fv2%2Fcategories&post=100767"},{"taxonomy":"post_tag","embeddable":true,"href":"https:\/\/www.fuldaernachrichten.de\/index.php?rest_route=%2Fwp%2Fv2%2Ftags&post=100767"}],"curies":[{"name":"wp","href":"https:\/\/api.w.org\/{rel}","templated":true}]}}