{"id":100763,"date":"2012-08-09T00:15:54","date_gmt":"2012-08-09T00:15:54","guid":{"rendered":"http:\/\/www.fuldaer-nachrichten.de\/?p=100763"},"modified":"2012-08-08T11:32:03","modified_gmt":"2012-08-08T11:32:03","slug":"gute-resonanz-bei-ferienangeboten-der-stadt-fulda-ausfluge-spiele-und-viel-spas","status":"publish","type":"post","link":"https:\/\/www.fuldaernachrichten.de\/?p=100763","title":{"rendered":"Gute Resonanz bei Ferienangeboten der Stadt Fulda: Ausfl\u00fcge, Spiele und viel Spa\u00df"},"content":{"rendered":"<p><a href=\"http:\/\/www.fuldaer-nachrichten.de\/wp-content\/uploads\/2012\/08\/Explorers2.jpg\"><img fetchpriority=\"high\" decoding=\"async\" class=\"alignleft size-thumbnail wp-image-100766\" title=\"Explorers2\" src=\"http:\/\/www.fuldaer-nachrichten.de\/wp-content\/uploads\/2012\/08\/Explorers2-265x198.jpg\" alt=\"\" width=\"265\" height=\"198\" srcset=\"https:\/\/www.fuldaernachrichten.de\/wp-content\/uploads\/2012\/08\/Explorers2-265x198.jpg 265w, https:\/\/www.fuldaernachrichten.de\/wp-content\/uploads\/2012\/08\/Explorers2.jpg 600w\" sizes=\"(max-width: 265px) 100vw, 265px\" \/><\/a>Fulda (cp). Auch in diesen Sommerferien wurden die umfangreichen und breitgef\u00e4cherten Ferienangebote der Stadt wieder gut angenommen. So haben bei den Ferienfreizeiten 335 Kinder und Jugendliche sowie bei der Familienfreizeit in Travem\u00fcnde 30 B\u00fcrgerinnen und B\u00fcrger teilgenommen. \u201e\u00dcber diese gute Resonanz freuen wir uns nat\u00fcrlich sehr, denn sie zeigt die Attraktivit\u00e4t unseres Programms und best\u00e4tigt die Mitarbeiter in ihrer Arbeit\u201c,\u00c2\u00a0 betont B\u00fcrgermeister Dr. Wolfgang Dippel. Begleitet werden die Freizeiten und der Ferienkalender von ehrenamtlichen Betreuern, die zwischen 18 und 35 Jahren alt sind. \u201eMir macht es viel Spa\u00df, mich mit den Kindern zu besch\u00e4ftigen und es ist eine sch\u00f6ne Abwechslung zum Studienalltag\u201c, berichtet die 22-j\u00e4hrige Hanna Weber, die Betreuerin bei der Stadtranderholung war. Dort half auch der 19-j\u00e4hrige Kai Cordes, der gerne auch beruflich mit Kindern arbeiten m\u00f6chte und sich besonders \u00fcber die abwechslungsreiche Aufgabe sowie \u00fcber die Dankbarkeit der Kinder freute.\u00c2\u00a0 \u00c2\u00a0<!--more--><br \/>\n<strong>Stadtranderholung<\/strong><\/p>\n<p><a href=\"http:\/\/www.fuldaer-nachrichten.de\/wp-content\/uploads\/2012\/08\/DSC_0016.jpg\"><img decoding=\"async\" class=\"alignleft size-thumbnail wp-image-100764\" title=\"DSC_0016\" src=\"http:\/\/www.fuldaer-nachrichten.de\/wp-content\/uploads\/2012\/08\/DSC_0016-265x175.jpg\" alt=\"\" width=\"265\" height=\"175\" srcset=\"https:\/\/www.fuldaernachrichten.de\/wp-content\/uploads\/2012\/08\/DSC_0016-265x175.jpg 265w, https:\/\/www.fuldaernachrichten.de\/wp-content\/uploads\/2012\/08\/DSC_0016.jpg 600w\" sizes=\"(max-width: 265px) 100vw, 265px\" \/><\/a>Besonders begehrt waren die Pl\u00e4tze f\u00fcr die Stadtranderholung, die f\u00fcr die Sechs- bis Neunj\u00e4hrigen jeweils f\u00fcr zwei Wochen immer von Montag bis Freitag stattgefunden hat und von vielen Eltern auch gerne als Betreuungsangebot wahrgenommen wurde. \u201eEs war toll, dass wir so viele Ausfl\u00fcge gemacht und viel gespielt haben\u201c, berichtet der sechsj\u00e4hrige David, der schon nach kurzer Zeit unter den 30 Kindern einen neuen Freund gefunden hatte. Zusammen mit den sechs Betreuern machten sie viele Spiele, haben zum Beispiel Indianerschmuck gebastelt, fuhren in den Heimattiergarten Neuenberg, haben gemeinsam gegrillt und waren beim Wasserspielplatz. Besondere Highlights waren auch der Besuch beim Feuerloch in Poppenhausen sowie der gemeinsame Ausflug zum Freizeitpark Steinau an der Stra\u00dfe. \u201eIm Tiergarten habe ich Esel, Rehe und Zeigen gesehen\u201c, erz\u00e4hlt die siebenj\u00e4hrige Solveig begeistert und f\u00fcgt hinzu, dass die Betreuer sehr nett seien.<\/p>\n<p><strong>Italienfahrt und Ferienkalender<\/strong><\/p>\n<p><a href=\"http:\/\/www.fuldaer-nachrichten.de\/wp-content\/uploads\/2012\/08\/DSC_0024.jpg\"><img decoding=\"async\" class=\"alignleft size-thumbnail wp-image-100765\" title=\"DSC_0024\" src=\"http:\/\/www.fuldaer-nachrichten.de\/wp-content\/uploads\/2012\/08\/DSC_0024-265x175.jpg\" alt=\"\" width=\"265\" height=\"175\" srcset=\"https:\/\/www.fuldaernachrichten.de\/wp-content\/uploads\/2012\/08\/DSC_0024-265x175.jpg 265w, https:\/\/www.fuldaernachrichten.de\/wp-content\/uploads\/2012\/08\/DSC_0024.jpg 600w\" sizes=\"(max-width: 265px) 100vw, 265px\" \/><\/a>Auf gro\u00dfes Interesse ist auch die Fahrt \u201eBella Italia\u201c f\u00fcr 16 bis 19-J\u00e4hrige gesto\u00dfen. Dabei sind drei Betreuer mit 15 Teilnehmern in zwei Kleinbussen in die Toskana gefahren, wobei das Besichtigen von Florenz, Pisa und Livorno genauso wie das Erholen am Strand auf dem Programm stand. Nach einem abschlie\u00dfenden Zwischenstopp in Mailand ging es mit einer \u00dcbernachtung \u00fcber Konstanz wieder zur\u00fcck nach Hause. \u201eF\u00fcr den Ferienkalender gab es insgesamt f\u00fcr alle Aktionen 515 Anmeldungen\u201c, berichtet Daniel Hunold von der Kinder- und Jugendf\u00f6rderung der Stadt und f\u00fcgt hinzu, dass die Nachfrage f\u00fcr die Fahrt zum Dialogmuseum in Frankfurt und zum Freizeitpark Geiselwind sowie f\u00fcr das T-Shirt-Designen besonders gro\u00df gewesen sei. Komplett belegt waren beispielsweise ebenso die Kanutour, der Zirkusworkshop \u201eManege frei\u201c und das Studioprojekt des offenen Kanals. \u201eBezuschusst werden alle Aktionen von der Stadt Fulda, wobei der Umfang des Zuschusses von den einzelnen Aktionen abh\u00e4ngt\u201c, erkl\u00e4rt Jugenddezernent Dr. Dippel und stellt heraus, dass die Stadt besonders darauf achte, dass die Aktionen f\u00fcr alle erschwinglich seien.<\/p>\n","protected":false},"excerpt":{"rendered":"<div class=\"tmnf_excerpt\"><p>Fulda (cp). Auch in diesen Sommerferien wurden die umfangreichen und breitgef\u00e4cherten Ferienangebote der Stadt wieder gut angenommen. So haben bei den Ferienfreizeiten 335 Kinder und Jugendliche sowie bei der Familienfreizeit in Travem\u00fcnde 30 B\u00fcrgerinnen und B\u00fcrger teilgenommen. \u201e\u00dcber diese gute Resonanz freuen wir uns nat\u00fcrlich sehr, denn sie zeigt die Attraktivit\u00e4t unseres Programms und best\u00e4tigt &hellip;<\/p>\n<\/div>","protected":false},"author":1,"featured_media":0,"comment_status":"closed","ping_status":"closed","sticky":false,"template":"","format":"standard","meta":{"footnotes":""},"categories":[1,72],"tags":[],"class_list":["post-100763","post","type-post","status-publish","format-standard","hentry","category-startseite","category-jugend"],"_links":{"self":[{"href":"https:\/\/www.fuldaernachrichten.de\/index.php?rest_route=\/wp\/v2\/posts\/100763","targetHints":{"allow":["GET"]}}],"collection":[{"href":"https:\/\/www.fuldaernachrichten.de\/index.php?rest_route=\/wp\/v2\/posts"}],"about":[{"href":"https:\/\/www.fuldaernachrichten.de\/index.php?rest_route=\/wp\/v2\/types\/post"}],"author":[{"embeddable":true,"href":"https:\/\/www.fuldaernachrichten.de\/index.php?rest_route=\/wp\/v2\/users\/1"}],"replies":[{"embeddable":true,"href":"https:\/\/www.fuldaernachrichten.de\/index.php?rest_route=%2Fwp%2Fv2%2Fcomments&post=100763"}],"version-history":[{"count":0,"href":"https:\/\/www.fuldaernachrichten.de\/index.php?rest_route=\/wp\/v2\/posts\/100763\/revisions"}],"wp:attachment":[{"href":"https:\/\/www.fuldaernachrichten.de\/index.php?rest_route=%2Fwp%2Fv2%2Fmedia&parent=100763"}],"wp:term":[{"taxonomy":"category","embeddable":true,"href":"https:\/\/www.fuldaernachrichten.de\/index.php?rest_route=%2Fwp%2Fv2%2Fcategories&post=100763"},{"taxonomy":"post_tag","embeddable":true,"href":"https:\/\/www.fuldaernachrichten.de\/index.php?rest_route=%2Fwp%2Fv2%2Ftags&post=100763"}],"curies":[{"name":"wp","href":"https:\/\/api.w.org\/{rel}","templated":true}]}}