{"id":100759,"date":"2012-08-09T00:10:08","date_gmt":"2012-08-09T00:10:08","guid":{"rendered":"http:\/\/www.fuldaer-nachrichten.de\/?p=100759"},"modified":"2012-08-08T11:27:16","modified_gmt":"2012-08-08T11:27:16","slug":"tragikomodie-best-exotic-marigold-hotel-im-cafe-panama","status":"publish","type":"post","link":"https:\/\/www.fuldaernachrichten.de\/?p=100759","title":{"rendered":"Tragikom\u00f6die &#8220;Best Exotic Marigold Hotel&#8221; im Caf\u00e9 Panama"},"content":{"rendered":"<p><a href=\"http:\/\/www.fuldaer-nachrichten.de\/wp-content\/uploads\/2012\/08\/bestexotic_2.jpg\"><img decoding=\"async\" class=\"alignleft size-thumbnail wp-image-100760\" title=\"bestexotic_2\" src=\"http:\/\/www.fuldaer-nachrichten.de\/wp-content\/uploads\/2012\/08\/bestexotic_2-265x147.jpg\" alt=\"\" width=\"265\" height=\"147\" srcset=\"https:\/\/www.fuldaernachrichten.de\/wp-content\/uploads\/2012\/08\/bestexotic_2-265x147.jpg 265w, https:\/\/www.fuldaernachrichten.de\/wp-content\/uploads\/2012\/08\/bestexotic_2.jpg 600w\" sizes=\"(max-width: 265px) 100vw, 265px\" \/><\/a>Fulda. Die Kultur- und Kinoinitiative Fulda e.V. zeigt am\u00c2\u00a0 Freitag, den 10.08.2012 um 21:00 Uhr im Caf\u00e9 Panama in der Langebr\u00fcckenstr. 14, 36037 Fulda, die Tragikom\u00f6die &#8220;Best Exotic Marigold Hotel&#8221;. Regie: John Madden, Land: USA 2011, Spielzeit: 123Min FSK: ab 0, Genre: Tragikom\u00f6die, Spielort: Cafe Panama, (Eintritt 4 \u00e2\u201a\u00ac | erm\u00e4\u00dfigt 3\u00e2\u201a\u00ac) <!--more--><br \/>\nKurz und knapp: Als eine Gruppe britischer Pension\u00e4re in Indien eintrifft, um dort den Lebensabend zu verbringen, erwartet sie eine \u00c2\u00ad\u00dcberraschung. Ihr als luxuri\u00f6s angepriesenes Hotel \u00c2\u00adentpuppt sich als etwas heruntergekommenes \u00c2\u00adEntwicklungsprojekt, in dem der junge indische Hotelleiter seine ersten G\u00e4ste \u00fcberhaupt begr\u00fc\u00dft. Hier lernen die gereiften \u00c2\u00adEmigranten, sich an die Gegebenheiten anzupassen und ein Land zu entdecken, das Chaos und Hektik, aber auch \u00c2\u00adungewohnte Erfahrungen und Chancen auf Erneuerung bietet.\u00c2\u00a0 Weitere Infos erhalten Sie unter der Telefonnummer 0661-48 0045-90 oder unter www.35kino.de<\/p>\n","protected":false},"excerpt":{"rendered":"<div class=\"tmnf_excerpt\"><p>Fulda. Die Kultur- und Kinoinitiative Fulda e.V. zeigt am\u00c2\u00a0 Freitag, den 10.08.2012 um 21:00 Uhr im Caf\u00e9 Panama in der Langebr\u00fcckenstr. 14, 36037 Fulda, die Tragikom\u00f6die &#8220;Best Exotic Marigold Hotel&#8221;. Regie: John Madden, Land: USA 2011, Spielzeit: 123Min FSK: ab 0, Genre: Tragikom\u00f6die, Spielort: Cafe Panama, (Eintritt 4 \u00e2\u201a\u00ac | erm\u00e4\u00dfigt 3\u00e2\u201a\u00ac)<\/p>\n<\/div>","protected":false},"author":1,"featured_media":0,"comment_status":"closed","ping_status":"closed","sticky":false,"template":"","format":"standard","meta":{"footnotes":""},"categories":[1,44],"tags":[],"class_list":["post-100759","post","type-post","status-publish","format-standard","hentry","category-startseite","category-kultur"],"_links":{"self":[{"href":"https:\/\/www.fuldaernachrichten.de\/index.php?rest_route=\/wp\/v2\/posts\/100759","targetHints":{"allow":["GET"]}}],"collection":[{"href":"https:\/\/www.fuldaernachrichten.de\/index.php?rest_route=\/wp\/v2\/posts"}],"about":[{"href":"https:\/\/www.fuldaernachrichten.de\/index.php?rest_route=\/wp\/v2\/types\/post"}],"author":[{"embeddable":true,"href":"https:\/\/www.fuldaernachrichten.de\/index.php?rest_route=\/wp\/v2\/users\/1"}],"replies":[{"embeddable":true,"href":"https:\/\/www.fuldaernachrichten.de\/index.php?rest_route=%2Fwp%2Fv2%2Fcomments&post=100759"}],"version-history":[{"count":0,"href":"https:\/\/www.fuldaernachrichten.de\/index.php?rest_route=\/wp\/v2\/posts\/100759\/revisions"}],"wp:attachment":[{"href":"https:\/\/www.fuldaernachrichten.de\/index.php?rest_route=%2Fwp%2Fv2%2Fmedia&parent=100759"}],"wp:term":[{"taxonomy":"category","embeddable":true,"href":"https:\/\/www.fuldaernachrichten.de\/index.php?rest_route=%2Fwp%2Fv2%2Fcategories&post=100759"},{"taxonomy":"post_tag","embeddable":true,"href":"https:\/\/www.fuldaernachrichten.de\/index.php?rest_route=%2Fwp%2Fv2%2Ftags&post=100759"}],"curies":[{"name":"wp","href":"https:\/\/api.w.org\/{rel}","templated":true}]}}