{"id":100747,"date":"2012-08-08T00:10:34","date_gmt":"2012-08-08T00:10:34","guid":{"rendered":"http:\/\/www.fuldaer-nachrichten.de\/?p=100747"},"modified":"2012-08-07T13:40:50","modified_gmt":"2012-08-07T13:40:50","slug":"freundeskreis-fulda-leitmeritzlitomerice-fordert-mit-unterstutzung-des-landkreises-fulda-die-teilnahme-von-jugendlichen-an-der-sommeruniversitat","status":"publish","type":"post","link":"https:\/\/www.fuldaernachrichten.de\/?p=100747","title":{"rendered":"Freundeskreis Fulda-Leitmeritz\/Litomerice f\u00f6rdert mit Unterst\u00fctzung des Landkreises Fulda die Teilnahme von Jugendlichen an der Sommeruniversit\u00e4t"},"content":{"rendered":"<p><a href=\"http:\/\/www.fuldaer-nachrichten.de\/wp-content\/uploads\/2012\/08\/361-Stipendium-Leitmeritz.jpg\"><img decoding=\"async\" class=\"alignleft size-thumbnail wp-image-100748\" title=\"361-Stipendium Leitmeritz\" src=\"http:\/\/www.fuldaer-nachrichten.de\/wp-content\/uploads\/2012\/08\/361-Stipendium-Leitmeritz-265x175.jpg\" alt=\"\" width=\"265\" height=\"175\" srcset=\"https:\/\/www.fuldaernachrichten.de\/wp-content\/uploads\/2012\/08\/361-Stipendium-Leitmeritz-265x175.jpg 265w, https:\/\/www.fuldaernachrichten.de\/wp-content\/uploads\/2012\/08\/361-Stipendium-Leitmeritz.jpg 600w\" sizes=\"(max-width: 265px) 100vw, 265px\" \/><\/a>Fulda\/Leitmeritz. Zwischen Litomerice in Nordb\u00f6hmen, dem fr\u00fcheren Leitmeritz, und Fulda besteht sei 2011 eine offizielle St\u00e4dtepartnerschaft. Der Freundeskreis Fulda-Leitmeritz\/Litomerice e.V. hat sich zum Ziel gesetzt, diese Partnerschaft mit Leben zu erf\u00fcllen. Dazu z\u00e4hlt auch ein reger Jugendaustausch. So f\u00f6rdert der Freundeskreis die Teilnahme von Jugendlichen aus Litomerice an der Sommeruniversit\u00e4t der Hochschule Fulda.<!--more--><\/p>\n<p>Mit finanzieller Unterst\u00fctzung des Landkreises Fulda haben in diesem Jahr Barbova Cerna (2.v.l.) und Anna Pardubicka (3.v.l.), die beide ein Studium bzw. eine Ausbildung im medizinischen Bereich anstreben, ein Stipendium an der Sommeruniversit\u00e4t erhalten. Gemeinsam mit dem langj\u00e4hrigen Vorsitzenden des Freundeskreises, Michael G\u00f6sel (l.), besuchten sie den Leiter der Kreisvolkshochschule, Michael Friedrich (r.), der die Patenschaften des Landkreises betreut. 1964 hatte der Landkreis Fulda die Patenschaft \u00fcber die heimatvertriebenen Leitmeritzer \u00fcbernommen.<\/p>\n","protected":false},"excerpt":{"rendered":"<div class=\"tmnf_excerpt\"><p>Fulda\/Leitmeritz. Zwischen Litomerice in Nordb\u00f6hmen, dem fr\u00fcheren Leitmeritz, und Fulda besteht sei 2011 eine offizielle St\u00e4dtepartnerschaft. Der Freundeskreis Fulda-Leitmeritz\/Litomerice e.V. hat sich zum Ziel gesetzt, diese Partnerschaft mit Leben zu erf\u00fcllen. Dazu z\u00e4hlt auch ein reger Jugendaustausch. So f\u00f6rdert der Freundeskreis die Teilnahme von Jugendlichen aus Litomerice an der Sommeruniversit\u00e4t der Hochschule Fulda.<\/p>\n<\/div>","protected":false},"author":1,"featured_media":0,"comment_status":"closed","ping_status":"closed","sticky":false,"template":"","format":"standard","meta":{"footnotes":""},"categories":[1,53],"tags":[],"class_list":["post-100747","post","type-post","status-publish","format-standard","hentry","category-startseite","category-bildung"],"_links":{"self":[{"href":"https:\/\/www.fuldaernachrichten.de\/index.php?rest_route=\/wp\/v2\/posts\/100747","targetHints":{"allow":["GET"]}}],"collection":[{"href":"https:\/\/www.fuldaernachrichten.de\/index.php?rest_route=\/wp\/v2\/posts"}],"about":[{"href":"https:\/\/www.fuldaernachrichten.de\/index.php?rest_route=\/wp\/v2\/types\/post"}],"author":[{"embeddable":true,"href":"https:\/\/www.fuldaernachrichten.de\/index.php?rest_route=\/wp\/v2\/users\/1"}],"replies":[{"embeddable":true,"href":"https:\/\/www.fuldaernachrichten.de\/index.php?rest_route=%2Fwp%2Fv2%2Fcomments&post=100747"}],"version-history":[{"count":0,"href":"https:\/\/www.fuldaernachrichten.de\/index.php?rest_route=\/wp\/v2\/posts\/100747\/revisions"}],"wp:attachment":[{"href":"https:\/\/www.fuldaernachrichten.de\/index.php?rest_route=%2Fwp%2Fv2%2Fmedia&parent=100747"}],"wp:term":[{"taxonomy":"category","embeddable":true,"href":"https:\/\/www.fuldaernachrichten.de\/index.php?rest_route=%2Fwp%2Fv2%2Fcategories&post=100747"},{"taxonomy":"post_tag","embeddable":true,"href":"https:\/\/www.fuldaernachrichten.de\/index.php?rest_route=%2Fwp%2Fv2%2Ftags&post=100747"}],"curies":[{"name":"wp","href":"https:\/\/api.w.org\/{rel}","templated":true}]}}