{"id":100745,"date":"2012-08-08T00:20:17","date_gmt":"2012-08-08T00:20:17","guid":{"rendered":"http:\/\/www.fuldaer-nachrichten.de\/?p=100745"},"modified":"2012-08-07T13:38:42","modified_gmt":"2012-08-07T13:38:42","slug":"rock-highlights-im-jubilaumsjahr-uwag-prasentiert-energy-event-mit-best-of-programm","status":"publish","type":"post","link":"https:\/\/www.fuldaernachrichten.de\/?p=100745","title":{"rendered":"Rock-Highlights im Jubil\u00e4umsjahr &#8211; \u00dcWAG pr\u00e4sentiert energy-event mit Best-of-Programm"},"content":{"rendered":"<p><a href=\"http:\/\/www.fuldaer-nachrichten.de\/wp-content\/uploads\/2012\/08\/Foto-Rattles.jpg\"><img decoding=\"async\" class=\"alignleft size-thumbnail wp-image-100746\" title=\"Foto Rattles\" src=\"http:\/\/www.fuldaer-nachrichten.de\/wp-content\/uploads\/2012\/08\/Foto-Rattles-265x175.jpg\" alt=\"\" width=\"265\" height=\"175\" srcset=\"https:\/\/www.fuldaernachrichten.de\/wp-content\/uploads\/2012\/08\/Foto-Rattles-265x175.jpg 265w, https:\/\/www.fuldaernachrichten.de\/wp-content\/uploads\/2012\/08\/Foto-Rattles.jpg 600w\" sizes=\"(max-width: 265px) 100vw, 265px\" \/><\/a>Fulda. Ein besonderes Programm und ein besonderer Veranstaltungsort \u2013 im 100. Jahr ihres Bestehens pr\u00e4sentiert die \u00dcWAG \u201edas Beste aus der energy-event-Geschichte\u201c. Unter diesem Motto steht die neueste Auflage des gro\u00dfen Musikfests f\u00fcr die Region am 18. August 2012 in der Esperantohalle in Fulda, dessen Einnahmen wieder der Aktion \u201eIch brauche Deine Hilfe!\u201c der Fuldaer Zeitung zugute kommen. Mit dabei sind die erfolgreichsten K\u00fcnstler der vergangenen energy-event-Ausgaben: Die Coverband \u201eStill Collins\u201c sowie die Tina Turner-Interpretin Teresa K\u00e4stel. Als Programm-Highlight pr\u00e4sentiert die \u00dcWAG mit \u201eThe Rattles\u201c \u2013 das Original \u2013 die bekannteste deutsche Band der Beat-\u00c4ra.<!--more--><\/p>\n<p>Den Auftakt des Abendprogramms macht ab 20:00 Uhr Deutschlands gefragteste Genesis- und Phil Collins-Coverband. \u201eStill Collins\u201c begeisterte bereits beim energy-event des Jahres 2003 die Musikfreunde der Region mit originalgetreuem Sound und mitrei\u00dfender B\u00fchnen-Show. Auf dem Programm der Band f\u00fcr die Esperantohalle stehen gro\u00dfe Songs wie \u201eInvisible touch\u201c, \u201eYou can\u00e2\u20ac\u2122t hurry love\u201c, \u201eEasy lover\u201c oder das legend\u00e4re \u201eIn the air tonight\u201c.<\/p>\n<p>\u201eSimply the best\u201c \u2013 das gilt f\u00fcr die temperamentvolle Tina Turner-Interpretin Teresa K\u00e4stel, die beim energy-event 2006 mit Stimmgewalt und Power \u00fcberzeugte. Sie pr\u00e4sentiert ab 21:30 Uhr ihre Interpretationen von Hits wie \u201ePrivate dancer\u201c, \u201eWhat\u00e2\u20ac\u2122s love got to do with it\u201c oder \u201eWe don\u00e2\u20ac\u2122t need another hero\u201c und zeigt dabei, warum sie zu Recht zum \u201eBesten aus der energy-event-Geschichte\u201c geh\u00f6rt.<\/p>\n<p>Ab 23:00 Uhr steht dann der Top-Act des Abends auf der \u00dcWAG-B\u00fchne: die Rock- und Beatk\u00f6nige von \u201eThe Rattles\u201c. Die Band ist seit einem halben Jahrhundert im Rockbusiness erfolgreich und spielte schon mit Musik-Gr\u00f6\u00dfen wie den Rolling Stones und Little Richard. Vor zwei Jahren hatten es die \u201eRattles\u201c beim Auftritt auf der \u00dcWAG-B\u00fchne in Bad Soden-Salm\u00fcnster richtig krachen lassen. Ihre Aush\u00e4ngeschilder sind Hits wie \u201eCome on and sing\u201c oder \u201eHot wheels\u201c und nat\u00fcrlich der Welterfolg \u201eThe witch\u201c, f\u00fcr den die \u201eRattles\u201c eine Goldene Schallplatte erhielten.<\/p>\n<p>Mittlerweile schon ein fester Bestandteil des energy-event ist die gro\u00dfe \u00dcWAG Laser Show, die im Anschluss an das Musikprogramm das Publikum begeistern wird. Sie wird bei der diesj\u00e4hrigen Veranstaltung ebenso wenig fehlen wie die Disco Night, die traditionell zu sp\u00e4ter Stunde das Programm abschlie\u00dft.<\/p>\n<p>Ein wichtiges Ziel, das die \u00dcWAG mit dem energy-event verfolgt, ist die F\u00f6rderung von Schul- und Nachwuchsbands aus der Region. Im Jubil\u00e4umsjahr ist es die Big Band der Winfriedschule aus Fulda, die bei der Musikveranstaltung Gelegenheit zu einem Auftritt unter Profibedingungen erh\u00e4lt. Ab 18:00 Uhr pr\u00e4sentieren die jungen Musikerinnen und Musiker in der Esperantohalle ihr K\u00f6nnen. Eine Stunde sp\u00e4ter steht dann die M\u00e4dchenband \u201eSHE\u201c auf der \u00dcWAG-B\u00fchne und \u00fcbernimmt mit ihrem groovigen Gitarrenrock die \u00dcberleitung zum Hauptprogramm.<\/p>\n<p>Tickets f\u00fcr den energy-event gibt es zum Preis von sechs Euro an der Abendkasse und im Vorverkauf im \u00dcWAG-Kundenzentrum in Fulda sowie in den Servicestellen in Schl\u00fcchtern und Bad Soden-Salm\u00fcnster. Alle Einnahmen gehen wie in den Vorjahren an die Aktion \u201eIch brauche Deine Hilfe!\u201c der Fuldaer Zeitung und kommen damit karitativen Zwecken in der Region zugute.<\/p>\n","protected":false},"excerpt":{"rendered":"<div class=\"tmnf_excerpt\"><p>Fulda. Ein besonderes Programm und ein besonderer Veranstaltungsort \u2013 im 100. Jahr ihres Bestehens pr\u00e4sentiert die \u00dcWAG \u201edas Beste aus der energy-event-Geschichte\u201c. Unter diesem Motto steht die neueste Auflage des gro\u00dfen Musikfests f\u00fcr die Region am 18. August 2012 in der Esperantohalle in Fulda, dessen Einnahmen wieder der Aktion \u201eIch brauche Deine Hilfe!\u201c der Fuldaer &hellip;<\/p>\n<\/div>","protected":false},"author":1,"featured_media":0,"comment_status":"closed","ping_status":"closed","sticky":false,"template":"","format":"standard","meta":{"footnotes":""},"categories":[1,44,29],"tags":[],"class_list":["post-100745","post","type-post","status-publish","format-standard","hentry","category-startseite","category-kultur","category-politik"],"_links":{"self":[{"href":"https:\/\/www.fuldaernachrichten.de\/index.php?rest_route=\/wp\/v2\/posts\/100745","targetHints":{"allow":["GET"]}}],"collection":[{"href":"https:\/\/www.fuldaernachrichten.de\/index.php?rest_route=\/wp\/v2\/posts"}],"about":[{"href":"https:\/\/www.fuldaernachrichten.de\/index.php?rest_route=\/wp\/v2\/types\/post"}],"author":[{"embeddable":true,"href":"https:\/\/www.fuldaernachrichten.de\/index.php?rest_route=\/wp\/v2\/users\/1"}],"replies":[{"embeddable":true,"href":"https:\/\/www.fuldaernachrichten.de\/index.php?rest_route=%2Fwp%2Fv2%2Fcomments&post=100745"}],"version-history":[{"count":0,"href":"https:\/\/www.fuldaernachrichten.de\/index.php?rest_route=\/wp\/v2\/posts\/100745\/revisions"}],"wp:attachment":[{"href":"https:\/\/www.fuldaernachrichten.de\/index.php?rest_route=%2Fwp%2Fv2%2Fmedia&parent=100745"}],"wp:term":[{"taxonomy":"category","embeddable":true,"href":"https:\/\/www.fuldaernachrichten.de\/index.php?rest_route=%2Fwp%2Fv2%2Fcategories&post=100745"},{"taxonomy":"post_tag","embeddable":true,"href":"https:\/\/www.fuldaernachrichten.de\/index.php?rest_route=%2Fwp%2Fv2%2Ftags&post=100745"}],"curies":[{"name":"wp","href":"https:\/\/api.w.org\/{rel}","templated":true}]}}