{"id":100738,"date":"2012-08-08T00:10:07","date_gmt":"2012-08-08T00:10:07","guid":{"rendered":"http:\/\/www.fuldaer-nachrichten.de\/?p=100738"},"modified":"2012-08-07T13:36:08","modified_gmt":"2012-08-07T13:36:08","slug":"fuldas-grun-wird-gepflegt-und-gehegt","status":"publish","type":"post","link":"https:\/\/www.fuldaernachrichten.de\/?p=100738","title":{"rendered":"Fuldas Gr\u00fcn wird gepflegt und gehegt"},"content":{"rendered":"<p><a href=\"http:\/\/www.fuldaer-nachrichten.de\/wp-content\/uploads\/2012\/08\/DSC_0044.jpg\"><img decoding=\"async\" class=\"alignleft size-thumbnail wp-image-100741\" title=\"DSC_0044\" src=\"http:\/\/www.fuldaer-nachrichten.de\/wp-content\/uploads\/2012\/08\/DSC_0044-265x175.jpg\" alt=\"\" width=\"265\" height=\"175\" srcset=\"https:\/\/www.fuldaernachrichten.de\/wp-content\/uploads\/2012\/08\/DSC_0044-265x175.jpg 265w, https:\/\/www.fuldaernachrichten.de\/wp-content\/uploads\/2012\/08\/DSC_0044.jpg 600w\" sizes=\"(max-width: 265px) 100vw, 265px\" \/><\/a>Fulda. Fuldas Gr\u00fcn wird gehegt und gepflegt. Gerade der Schlossgarten ist Fuldas Gr\u00fcne Oase. Mitarbeiter des Gr\u00fcnfl\u00e4chenamtes pflegen die wundersch\u00f6n hergerichteten Blumen- und Gem\u00fcserabatte. &#8220;Hessens sch\u00f6nste Stadt&#8221; tr\u00e4gt diesen Titel auch wegen der Blumenvielfalt, dem Ideenreichtum und der Muse der Mitarbeiter im Gr\u00fcnfl\u00e4chen-, Umwelt- und Friedhofsamt der Stadt Fulda. &#8220;Die Stadt ist f\u00fcr ihren besonders sch\u00f6nen Blumenschmuck bekannt. Viele beneiden uns um das st\u00e4dtische Gr\u00fcn und die vielf\u00e4ltigen Farben der Blumen, Str\u00e4ucher und Gem\u00fcsearrangements&#8221;, so B\u00fcrgermeister Dr. Wolfgang Dippel.<!--more--><\/p>\n<p><a href=\"http:\/\/www.fuldaer-nachrichten.de\/wp-content\/uploads\/2012\/08\/DSC_0046.jpg\"><img decoding=\"async\" class=\"alignnone size-thumbnail wp-image-100743\" title=\"DSC_0046\" src=\"http:\/\/www.fuldaer-nachrichten.de\/wp-content\/uploads\/2012\/08\/DSC_0046-265x175.jpg\" alt=\"\" width=\"265\" height=\"175\" srcset=\"https:\/\/www.fuldaernachrichten.de\/wp-content\/uploads\/2012\/08\/DSC_0046-265x175.jpg 265w, https:\/\/www.fuldaernachrichten.de\/wp-content\/uploads\/2012\/08\/DSC_0046.jpg 600w\" sizes=\"(max-width: 265px) 100vw, 265px\" \/><\/a> <a href=\"http:\/\/www.fuldaer-nachrichten.de\/wp-content\/uploads\/2012\/08\/DSC_0019.jpg\"><img decoding=\"async\" class=\"alignnone size-thumbnail wp-image-100740\" title=\"DSC_0019\" src=\"http:\/\/www.fuldaer-nachrichten.de\/wp-content\/uploads\/2012\/08\/DSC_0019-265x175.jpg\" alt=\"\" width=\"265\" height=\"175\" srcset=\"https:\/\/www.fuldaernachrichten.de\/wp-content\/uploads\/2012\/08\/DSC_0019-265x175.jpg 265w, https:\/\/www.fuldaernachrichten.de\/wp-content\/uploads\/2012\/08\/DSC_0019.jpg 600w\" sizes=\"(max-width: 265px) 100vw, 265px\" \/><\/a><\/p>\n","protected":false},"excerpt":{"rendered":"<div class=\"tmnf_excerpt\"><p>Fulda. Fuldas Gr\u00fcn wird gehegt und gepflegt. Gerade der Schlossgarten ist Fuldas Gr\u00fcne Oase. Mitarbeiter des Gr\u00fcnfl\u00e4chenamtes pflegen die wundersch\u00f6n hergerichteten Blumen- und Gem\u00fcserabatte. &#8220;Hessens sch\u00f6nste Stadt&#8221; tr\u00e4gt diesen Titel auch wegen der Blumenvielfalt, dem Ideenreichtum und der Muse der Mitarbeiter im Gr\u00fcnfl\u00e4chen-, Umwelt- und Friedhofsamt der Stadt Fulda. &#8220;Die Stadt ist f\u00fcr ihren besonders &hellip;<\/p>\n<\/div>","protected":false},"author":1,"featured_media":0,"comment_status":"closed","ping_status":"closed","sticky":false,"template":"","format":"standard","meta":{"footnotes":""},"categories":[1,52],"tags":[],"class_list":["post-100738","post","type-post","status-publish","format-standard","hentry","category-startseite","category-umwelt"],"_links":{"self":[{"href":"https:\/\/www.fuldaernachrichten.de\/index.php?rest_route=\/wp\/v2\/posts\/100738","targetHints":{"allow":["GET"]}}],"collection":[{"href":"https:\/\/www.fuldaernachrichten.de\/index.php?rest_route=\/wp\/v2\/posts"}],"about":[{"href":"https:\/\/www.fuldaernachrichten.de\/index.php?rest_route=\/wp\/v2\/types\/post"}],"author":[{"embeddable":true,"href":"https:\/\/www.fuldaernachrichten.de\/index.php?rest_route=\/wp\/v2\/users\/1"}],"replies":[{"embeddable":true,"href":"https:\/\/www.fuldaernachrichten.de\/index.php?rest_route=%2Fwp%2Fv2%2Fcomments&post=100738"}],"version-history":[{"count":1,"href":"https:\/\/www.fuldaernachrichten.de\/index.php?rest_route=\/wp\/v2\/posts\/100738\/revisions"}],"predecessor-version":[{"id":100744,"href":"https:\/\/www.fuldaernachrichten.de\/index.php?rest_route=\/wp\/v2\/posts\/100738\/revisions\/100744"}],"wp:attachment":[{"href":"https:\/\/www.fuldaernachrichten.de\/index.php?rest_route=%2Fwp%2Fv2%2Fmedia&parent=100738"}],"wp:term":[{"taxonomy":"category","embeddable":true,"href":"https:\/\/www.fuldaernachrichten.de\/index.php?rest_route=%2Fwp%2Fv2%2Fcategories&post=100738"},{"taxonomy":"post_tag","embeddable":true,"href":"https:\/\/www.fuldaernachrichten.de\/index.php?rest_route=%2Fwp%2Fv2%2Ftags&post=100738"}],"curies":[{"name":"wp","href":"https:\/\/api.w.org\/{rel}","templated":true}]}}