{"id":100735,"date":"2012-08-08T00:11:39","date_gmt":"2012-08-08T00:11:39","guid":{"rendered":"http:\/\/www.fuldaer-nachrichten.de\/?p=100735"},"modified":"2012-08-07T11:23:29","modified_gmt":"2012-08-07T11:23:29","slug":"klassik-open-air-an-der-burgpassage-grosenluder","status":"publish","type":"post","link":"https:\/\/www.fuldaernachrichten.de\/?p=100735","title":{"rendered":"\u201eKlassik\u201c Open-Air an der Burgpassage Gro\u00dfenl\u00fcder"},"content":{"rendered":"<p><a href=\"http:\/\/www.fuldaer-nachrichten.de\/wp-content\/uploads\/2012\/08\/120101_DSC0150.jpg\"><img decoding=\"async\" class=\"alignleft size-thumbnail wp-image-100736\" title=\"120101_DSC0150\" src=\"http:\/\/www.fuldaer-nachrichten.de\/wp-content\/uploads\/2012\/08\/120101_DSC0150-265x93.jpg\" alt=\"\" width=\"265\" height=\"93\" srcset=\"https:\/\/www.fuldaernachrichten.de\/wp-content\/uploads\/2012\/08\/120101_DSC0150-265x93.jpg 265w, https:\/\/www.fuldaernachrichten.de\/wp-content\/uploads\/2012\/08\/120101_DSC0150.jpg 600w\" sizes=\"(max-width: 265px) 100vw, 265px\" \/><\/a>Gro\u00dfenl\u00fcder. Einen ganz besonderen kulturellen H\u00f6hepunkt bietet die Gemeinde Gro\u00dfenl\u00fcder im Rahmen des Kultursommers Main-Kinzig-Fulda (gef\u00f6rdert vom Hessischen Ministerium f\u00fcr Wissenschaft und Kunst und der Sparkassen-Kulturstiftung Hessen-Th\u00fcringen) am Samstag, 25. August 2012, 20 Uhr, &#8220;Klassik&#8221; Open Air an der Burgpassage. Das Kammerorchester der Jugend Fulda unter der Leitung von Martin Kl\u00fch pr\u00e4sentiert Werke von Johann Strau\u00df, Richard Wagner, W. A. Mozart, Antonio Vivaldi, Henry Mancini u. v. m.<!--more--><\/p>\n<p>Im Ortsmittelpunkt von Gro\u00dfenl\u00fcder entf\u00fchren Sie die jungen Musikerinnen und Musiker in verschiedene Epochen der klassischen Musik und garantieren im wunderbaren Ambiente der beleuchteten Burgpassage einen angenehmen musikalischen Abend. Bei schlechtem Wetter findet die Veranstaltung in der Pfarrkirche St.-Georg Gro\u00dfenl\u00fcder statt.<\/p>\n<p>Karten zum Preis von 10 \u00e2\u201a\u00ac (erm. 7 \u00e2\u201a\u00ac) erhalten Sie im B\u00fcrgerb\u00fcro des Rathauses Gro\u00dfenl\u00fcder, St.-Georg-Str. 2, 36137 Gro\u00dfenl\u00fcder, Telefon: 06648\/9500-11, Email: buergerbuero@grossenlueder.de. Kartenreservierungen sind gegen Vorauskasse m\u00f6glich. Weitere Infos finden Sie auch im Internet unter <a href=\"http:\/\/www.grossenlueder.de\">www.grossenlueder.de<\/a><\/p>\n","protected":false},"excerpt":{"rendered":"<div class=\"tmnf_excerpt\"><p>Gro\u00dfenl\u00fcder. Einen ganz besonderen kulturellen H\u00f6hepunkt bietet die Gemeinde Gro\u00dfenl\u00fcder im Rahmen des Kultursommers Main-Kinzig-Fulda (gef\u00f6rdert vom Hessischen Ministerium f\u00fcr Wissenschaft und Kunst und der Sparkassen-Kulturstiftung Hessen-Th\u00fcringen) am Samstag, 25. August 2012, 20 Uhr, &#8220;Klassik&#8221; Open Air an der Burgpassage. Das Kammerorchester der Jugend Fulda unter der Leitung von Martin Kl\u00fch pr\u00e4sentiert Werke von Johann &hellip;<\/p>\n<\/div>","protected":false},"author":1,"featured_media":0,"comment_status":"closed","ping_status":"closed","sticky":false,"template":"","format":"standard","meta":{"footnotes":""},"categories":[1,44],"tags":[],"class_list":["post-100735","post","type-post","status-publish","format-standard","hentry","category-startseite","category-kultur"],"_links":{"self":[{"href":"https:\/\/www.fuldaernachrichten.de\/index.php?rest_route=\/wp\/v2\/posts\/100735","targetHints":{"allow":["GET"]}}],"collection":[{"href":"https:\/\/www.fuldaernachrichten.de\/index.php?rest_route=\/wp\/v2\/posts"}],"about":[{"href":"https:\/\/www.fuldaernachrichten.de\/index.php?rest_route=\/wp\/v2\/types\/post"}],"author":[{"embeddable":true,"href":"https:\/\/www.fuldaernachrichten.de\/index.php?rest_route=\/wp\/v2\/users\/1"}],"replies":[{"embeddable":true,"href":"https:\/\/www.fuldaernachrichten.de\/index.php?rest_route=%2Fwp%2Fv2%2Fcomments&post=100735"}],"version-history":[{"count":1,"href":"https:\/\/www.fuldaernachrichten.de\/index.php?rest_route=\/wp\/v2\/posts\/100735\/revisions"}],"predecessor-version":[{"id":100737,"href":"https:\/\/www.fuldaernachrichten.de\/index.php?rest_route=\/wp\/v2\/posts\/100735\/revisions\/100737"}],"wp:attachment":[{"href":"https:\/\/www.fuldaernachrichten.de\/index.php?rest_route=%2Fwp%2Fv2%2Fmedia&parent=100735"}],"wp:term":[{"taxonomy":"category","embeddable":true,"href":"https:\/\/www.fuldaernachrichten.de\/index.php?rest_route=%2Fwp%2Fv2%2Fcategories&post=100735"},{"taxonomy":"post_tag","embeddable":true,"href":"https:\/\/www.fuldaernachrichten.de\/index.php?rest_route=%2Fwp%2Fv2%2Ftags&post=100735"}],"curies":[{"name":"wp","href":"https:\/\/api.w.org\/{rel}","templated":true}]}}