{"id":100734,"date":"2012-08-08T00:10:12","date_gmt":"2012-08-08T00:10:12","guid":{"rendered":"http:\/\/www.fuldaer-nachrichten.de\/?p=100734"},"modified":"2012-08-07T11:20:40","modified_gmt":"2012-08-07T11:20:40","slug":"archaologie-zum-anfassen-fur-kinder-und-jugendliche-im-budinger-heuson-museum","status":"publish","type":"post","link":"https:\/\/www.fuldaernachrichten.de\/?p=100734","title":{"rendered":"Arch\u00e4ologie zum Anfassen f\u00fcr Kinder und Jugendliche im B\u00fcdinger Heuson-Museum"},"content":{"rendered":"<p>B\u00fcdigen. Ab dem 05. September 2012 bietet die Arch\u00e4ologin Petra Lehmann-Stoll im Heuson-Museum einen f\u00fcnfteiligen Arch\u00e4ologiekurs f\u00fcr Kinder und Jugendliche an, der jeweils am ersten Mittwoch im Monat von 14.30 bis 16.30 Uhr stattfindet. Die Teilnehmer bekommen Einblick in die Arbeit der Arch\u00e4ologen, k\u00f6nnen im Museumsmagazin st\u00f6bern und Material aus B\u00fcdinger Funden aufbereiten und auswerten. Die Ergebnisse werden am Ende des Kurses in einer Ausstellungsvitrine pr\u00e4sentiert, die von den Kindern gestaltet wird. Mindestteilnehmerzahl 5 Kinder, das Mindestalter der Juniorarch\u00e4ologen 8 Jahre. Die Geb\u00fchr f\u00fcr den Kurs betr\u00e4gt 25,00 Euro.<\/p>\n","protected":false},"excerpt":{"rendered":"<div class=\"tmnf_excerpt\"><p>B\u00fcdigen. Ab dem 05. September 2012 bietet die Arch\u00e4ologin Petra Lehmann-Stoll im Heuson-Museum einen f\u00fcnfteiligen Arch\u00e4ologiekurs f\u00fcr Kinder und Jugendliche an, der jeweils am ersten Mittwoch im Monat von 14.30 bis 16.30 Uhr stattfindet. Die Teilnehmer bekommen Einblick in die Arbeit der Arch\u00e4ologen, k\u00f6nnen im Museumsmagazin st\u00f6bern und Material aus B\u00fcdinger Funden aufbereiten und auswerten. &hellip;<\/p>\n<\/div>","protected":false},"author":1,"featured_media":0,"comment_status":"closed","ping_status":"closed","sticky":false,"template":"","format":"standard","meta":{"footnotes":""},"categories":[1,44],"tags":[],"class_list":["post-100734","post","type-post","status-publish","format-standard","hentry","category-startseite","category-kultur"],"_links":{"self":[{"href":"https:\/\/www.fuldaernachrichten.de\/index.php?rest_route=\/wp\/v2\/posts\/100734","targetHints":{"allow":["GET"]}}],"collection":[{"href":"https:\/\/www.fuldaernachrichten.de\/index.php?rest_route=\/wp\/v2\/posts"}],"about":[{"href":"https:\/\/www.fuldaernachrichten.de\/index.php?rest_route=\/wp\/v2\/types\/post"}],"author":[{"embeddable":true,"href":"https:\/\/www.fuldaernachrichten.de\/index.php?rest_route=\/wp\/v2\/users\/1"}],"replies":[{"embeddable":true,"href":"https:\/\/www.fuldaernachrichten.de\/index.php?rest_route=%2Fwp%2Fv2%2Fcomments&post=100734"}],"version-history":[{"count":0,"href":"https:\/\/www.fuldaernachrichten.de\/index.php?rest_route=\/wp\/v2\/posts\/100734\/revisions"}],"wp:attachment":[{"href":"https:\/\/www.fuldaernachrichten.de\/index.php?rest_route=%2Fwp%2Fv2%2Fmedia&parent=100734"}],"wp:term":[{"taxonomy":"category","embeddable":true,"href":"https:\/\/www.fuldaernachrichten.de\/index.php?rest_route=%2Fwp%2Fv2%2Fcategories&post=100734"},{"taxonomy":"post_tag","embeddable":true,"href":"https:\/\/www.fuldaernachrichten.de\/index.php?rest_route=%2Fwp%2Fv2%2Ftags&post=100734"}],"curies":[{"name":"wp","href":"https:\/\/api.w.org\/{rel}","templated":true}]}}