{"id":100729,"date":"2012-08-08T00:13:09","date_gmt":"2012-08-08T00:13:09","guid":{"rendered":"http:\/\/www.fuldaer-nachrichten.de\/?p=100729"},"modified":"2012-08-07T12:09:19","modified_gmt":"2012-08-07T12:09:19","slug":"andreas-arendt-ist-bekennende-rhon-fan-75-urlaubsaufenthalt-im-gasthaus-zur-linde","status":"publish","type":"post","link":"https:\/\/www.fuldaernachrichten.de\/?p=100729","title":{"rendered":"Andreas Arendt ist bekennender Rh\u00f6n-Fan &#8211; 75. Urlaubsaufenthalt im Gasthaus &#8220;Zur Linde&#8221;"},"content":{"rendered":"<p><a href=\"http:\/\/www.fuldaer-nachrichten.de\/wp-content\/uploads\/2012\/08\/Gaesteehrung-2012-Arendt_Zur-Linde-Kollmann.jpg\"><img fetchpriority=\"high\" decoding=\"async\" class=\"alignleft size-thumbnail wp-image-100730\" title=\"Gaesteehrung 2012 Arendt_Zur Linde Kollmann\" src=\"http:\/\/www.fuldaer-nachrichten.de\/wp-content\/uploads\/2012\/08\/Gaesteehrung-2012-Arendt_Zur-Linde-Kollmann-265x198.jpg\" alt=\"\" width=\"265\" height=\"198\" srcset=\"https:\/\/www.fuldaernachrichten.de\/wp-content\/uploads\/2012\/08\/Gaesteehrung-2012-Arendt_Zur-Linde-Kollmann-265x198.jpg 265w, https:\/\/www.fuldaernachrichten.de\/wp-content\/uploads\/2012\/08\/Gaesteehrung-2012-Arendt_Zur-Linde-Kollmann.jpg 600w\" sizes=\"(max-width: 265px) 100vw, 265px\" \/><\/a>Hofbieber. Als siebenj\u00e4hriger Junge machte Andreas Arendt mit seinen drei Schwestern und den Eltern 1972 zum ersten Mal Urlaub im Gasthaus &#8220;Zur Linde&#8221; der Familie Kollmann in der Urlaubsgemeinde Hofbieber in der Rh\u00f6n. Die dann j\u00e4hrlich folgenden Familienurlaubsaufenthalte haben ihn als kleiner Junge schon stark beeindruckt. So lernte er damals schon viele kleine Freunde im Ortsteil Langenbieber kennen und hatte besonders gerne mit den Pferden zu tun, die damals praktisch zum Gasthof geh\u00f6rten. Auch am Tischtennisspielen fand er hier gro\u00dfe Freude. <!--more--><\/p>\n<p>Dies alles sorgte daf\u00fcr, dass er seine Urlaubsaufenthalte in Hofbieber immer weiter fortf\u00fchrte, auch als er sp\u00e4ter als selbstst\u00e4ndiger Schuhmachermeister eine eigene Familie gr\u00fcndete und seinen Kindern die gleichen sch\u00f6nen Urlaubserlebnisse g\u00f6nnen wollte. So hat es sich zwangsl\u00e4ufig ergeben, dass seine Frau die Urlaubsaufenthalte in Langenbieber &#8220;mitgeheiratet&#8221; hat und mittlerweile ebenfalls ein gro\u00dfer Rh\u00f6nfan ist.<\/p>\n<p>Innerhalb dieser 40 Jahre kommt Andreas Arendt fast immer zwei Mal pro Jahr zur Familie Kollmann, mit der er schon eng verbunden ist. Auch im Dorf kennt man ihn schon gut. So nimmt er an vielen Abenden an so mancher Stammtischrunde im Gasthaus &#8220;Zur Linde&#8221; teil. Wichtig ist f\u00fcr ihn, dass er hier die notwendige Entspannung findet. Zu seinen Aktivit\u00e4ten geh\u00f6ren Ausfl\u00fcge zu den unersch\u00f6pflichen und wundersch\u00f6nen Zielen in der Rh\u00f6n. Dass Matthias Kollmann ihn mit seiner bekannt guten K\u00fcche zus\u00e4tzlich verw\u00f6hnt und auch in die Rh\u00f6n lockt, will er nicht unerw\u00e4hnt lassen.<\/p>\n<p>Der Leiter der Tourist-Information, Klaus-Dieter Eckstein, bedankte sich bei dem treuen Gast Andreas Arendt und seiner Frau und \u00fcberreichte im Namen der Gemeinde Hofbieber und des Verkehrsvereins Hofbieber ein Wappenbild mit entsprechender Urkunde sowie ein Hofbieber-Cap. Matthias Kollmann \u00fcberreichte einen Gutschein f\u00fcr einen weiteren 4-Tage-Aufenthalt mit Halbpension. Klaus-Dieter Eckstein bedankte sich aber auch bei der Gastgeberfamilie Kollmann f\u00fcr die guten Leistungen des Hauses, die sich in den immer wiederkehrenden G\u00e4steehrungen widerspiegeln.<\/p>\n","protected":false},"excerpt":{"rendered":"<div class=\"tmnf_excerpt\"><p>Hofbieber. Als siebenj\u00e4hriger Junge machte Andreas Arendt mit seinen drei Schwestern und den Eltern 1972 zum ersten Mal Urlaub im Gasthaus &#8220;Zur Linde&#8221; der Familie Kollmann in der Urlaubsgemeinde Hofbieber in der Rh\u00f6n. Die dann j\u00e4hrlich folgenden Familienurlaubsaufenthalte haben ihn als kleiner Junge schon stark beeindruckt. So lernte er damals schon viele kleine Freunde im &hellip;<\/p>\n<\/div>","protected":false},"author":1,"featured_media":0,"comment_status":"closed","ping_status":"closed","sticky":false,"template":"","format":"standard","meta":{"footnotes":""},"categories":[1,52],"tags":[],"class_list":["post-100729","post","type-post","status-publish","format-standard","hentry","category-startseite","category-umwelt"],"_links":{"self":[{"href":"https:\/\/www.fuldaernachrichten.de\/index.php?rest_route=\/wp\/v2\/posts\/100729","targetHints":{"allow":["GET"]}}],"collection":[{"href":"https:\/\/www.fuldaernachrichten.de\/index.php?rest_route=\/wp\/v2\/posts"}],"about":[{"href":"https:\/\/www.fuldaernachrichten.de\/index.php?rest_route=\/wp\/v2\/types\/post"}],"author":[{"embeddable":true,"href":"https:\/\/www.fuldaernachrichten.de\/index.php?rest_route=\/wp\/v2\/users\/1"}],"replies":[{"embeddable":true,"href":"https:\/\/www.fuldaernachrichten.de\/index.php?rest_route=%2Fwp%2Fv2%2Fcomments&post=100729"}],"version-history":[{"count":0,"href":"https:\/\/www.fuldaernachrichten.de\/index.php?rest_route=\/wp\/v2\/posts\/100729\/revisions"}],"wp:attachment":[{"href":"https:\/\/www.fuldaernachrichten.de\/index.php?rest_route=%2Fwp%2Fv2%2Fmedia&parent=100729"}],"wp:term":[{"taxonomy":"category","embeddable":true,"href":"https:\/\/www.fuldaernachrichten.de\/index.php?rest_route=%2Fwp%2Fv2%2Fcategories&post=100729"},{"taxonomy":"post_tag","embeddable":true,"href":"https:\/\/www.fuldaernachrichten.de\/index.php?rest_route=%2Fwp%2Fv2%2Ftags&post=100729"}],"curies":[{"name":"wp","href":"https:\/\/api.w.org\/{rel}","templated":true}]}}