{"id":100728,"date":"2012-08-08T00:12:33","date_gmt":"2012-08-08T00:12:33","guid":{"rendered":"http:\/\/www.fuldaer-nachrichten.de\/?p=100728"},"modified":"2012-08-07T11:12:22","modified_gmt":"2012-08-07T11:12:22","slug":"13-hunfelder-gaalbernfest-startet-wieder-durch-buntes-programm-vom-24-august-bis-27-august","status":"publish","type":"post","link":"https:\/\/www.fuldaernachrichten.de\/?p=100728","title":{"rendered":"13. H\u00fcnfelder Gaalbernfest startet wieder durch &#8211; Buntes Programm vom 24. August bis 27. August"},"content":{"rendered":"<p><strong>H\u00fcnfeld.<\/strong> Zum 13. Galbernfest mit Weindorf im Stiftsbezirk l\u00e4dt die Haunestadt H\u00fcnfeld vom 24. August bis zum 27. August ein. Auch dieses Jahr wird ein abwechslungsreiches Programm mit guter Unterhaltung f\u00fcr Jung und Alt geboten. Das Fest beginnt am Freitag, 24. August, um 19 Uhr mit dem Auftritt der H\u00fcnfelder Jagdhornbl\u00e4ser. Die St\u00e4nde werden bereits um 17 Uhr ge\u00f6ffnet. Der traditionelle Weinfassanstich und die Vorstellung der Weinbaugebiete mit der Gro\u00df-Umst\u00e4dter Weink\u00f6nigin Frauke I. und den Prinzessinnen Franziska und Sara Cristina erfolgt um 19.15 Uhr. Offiziell er\u00f6ffnet wird das 13. H\u00fcnfelder Gaalbernfest um 19.30 Uhr. Die \u201eRh\u00f6nland Band\u201c wird ab 20 Uhr die G\u00e4ste unterhalten.<!--more--><\/p>\n<p>Weiter geht es am Samstag, 25. August, mit der \u00d6ffnung der St\u00e4nde um 17 Uhr sowie mitrei\u00dfender musikalischer Unterhaltung mit der \u00fcberregional bekannten Band \u201eVorsicht Gebl\u00e4se\u201c.<\/p>\n<p>Der Festsonntag, 26. August, startet um 10 Uhr mit der 9. Oldtimer\/Youngtimer-Pr\u00e4sentation des Motorclubs H\u00fcnfeld e. V. im ADAC und der Traktorfreunde Mackenzell. Das erste musikalische Highlight setzt um 11 Uhr die Musikkapelle N\u00fcsttal. Ihr K\u00f6nnen zeigt um 14 Uhr die Kinderfeuerwehr Ro\u00dfbach mit einer kleinen \u00dcbung. Gerrits Zauberland wird um 15 Uhr die Besucher in seinen Bann ziehen. B\u00f6hmisch-M\u00e4hrische Blasmusik, die zum Schunkeln und Mitfeiern einl\u00e4dt, pr\u00e4sentiert um 16 Uhr \u201eBMB\u201c. Den Abschluss bilden \u201eDie Lichtbergkrainer\u201c mit einem Feuerwerk an Oberkrainer &amp; Dixieland-Jazz. Dar\u00fcber hinaus ist der Sonntag verkaufsoffen. Kaffee und Kuchen gibt es ab 14 Uhr bei der Evangelischen Kirchengemeinde im Gemeindehaus.<\/p>\n<p>Am Samstag und Sonntag stehen f\u00fcr die kleinen Besucher Auf dem Anger eine Riesenh\u00fcpfburg, eine Rollenrutschbahn sowie ein Kletterberg zur Verf\u00fcgung. Das Finale des 13. H\u00fcnfelder Gaalbernfestes ist am Montag, 27. August. Die Dammersbacher Blaskapelle spielt um 17.45 Uhr auf. Der Fassanstich Amtsbockbier mit dem M\u00e4nnergesangverein H\u00fcnfeld und der Anekdote \u00fcber den H\u00fcnfelder Amtsbock von Marianne Krimmel steht um 18 Uhr auf dem Programm. Das musikalische Festende l\u00e4utet ab 19 Uhr der Musikverein Hosenfeld im Weindorf ein.<\/p>\n<p>An allen Tagen bieten \u201eZuspann \u00c3\u00a0 la carte\u201c und \u201eL\u00fchn Schlemmer-&amp;Party-Service\u201c Spezialit\u00e4ten der Region im Weindorf und Stiftsgew\u00f6lbe an.<\/p>\n<p>&nbsp;<\/p>\n","protected":false},"excerpt":{"rendered":"<div class=\"tmnf_excerpt\"><p>H\u00fcnfeld. Zum 13. Galbernfest mit Weindorf im Stiftsbezirk l\u00e4dt die Haunestadt H\u00fcnfeld vom 24. August bis zum 27. August ein. Auch dieses Jahr wird ein abwechslungsreiches Programm mit guter Unterhaltung f\u00fcr Jung und Alt geboten. Das Fest beginnt am Freitag, 24. August, um 19 Uhr mit dem Auftritt der H\u00fcnfelder Jagdhornbl\u00e4ser. Die St\u00e4nde werden bereits &hellip;<\/p>\n<\/div>","protected":false},"author":1,"featured_media":0,"comment_status":"closed","ping_status":"closed","sticky":false,"template":"","format":"standard","meta":{"footnotes":""},"categories":[1,44],"tags":[],"class_list":["post-100728","post","type-post","status-publish","format-standard","hentry","category-startseite","category-kultur"],"_links":{"self":[{"href":"https:\/\/www.fuldaernachrichten.de\/index.php?rest_route=\/wp\/v2\/posts\/100728","targetHints":{"allow":["GET"]}}],"collection":[{"href":"https:\/\/www.fuldaernachrichten.de\/index.php?rest_route=\/wp\/v2\/posts"}],"about":[{"href":"https:\/\/www.fuldaernachrichten.de\/index.php?rest_route=\/wp\/v2\/types\/post"}],"author":[{"embeddable":true,"href":"https:\/\/www.fuldaernachrichten.de\/index.php?rest_route=\/wp\/v2\/users\/1"}],"replies":[{"embeddable":true,"href":"https:\/\/www.fuldaernachrichten.de\/index.php?rest_route=%2Fwp%2Fv2%2Fcomments&post=100728"}],"version-history":[{"count":0,"href":"https:\/\/www.fuldaernachrichten.de\/index.php?rest_route=\/wp\/v2\/posts\/100728\/revisions"}],"wp:attachment":[{"href":"https:\/\/www.fuldaernachrichten.de\/index.php?rest_route=%2Fwp%2Fv2%2Fmedia&parent=100728"}],"wp:term":[{"taxonomy":"category","embeddable":true,"href":"https:\/\/www.fuldaernachrichten.de\/index.php?rest_route=%2Fwp%2Fv2%2Fcategories&post=100728"},{"taxonomy":"post_tag","embeddable":true,"href":"https:\/\/www.fuldaernachrichten.de\/index.php?rest_route=%2Fwp%2Fv2%2Ftags&post=100728"}],"curies":[{"name":"wp","href":"https:\/\/api.w.org\/{rel}","templated":true}]}}