{"id":100718,"date":"2012-08-07T00:15:20","date_gmt":"2012-08-07T00:15:20","guid":{"rendered":"http:\/\/www.fuldaer-nachrichten.de\/?p=100718"},"modified":"2012-08-07T07:44:09","modified_gmt":"2012-08-07T07:44:09","slug":"300-jahre-budinger-vorstadt-internationales-fest-mit-erlebnisfuhrung-am-11-august","status":"publish","type":"post","link":"https:\/\/www.fuldaernachrichten.de\/?p=100718","title":{"rendered":"300 Jahre B\u00fcdinger Vorstadt: Internationales Fest mit Erlebnisf\u00fchrung am 11. August"},"content":{"rendered":"<p><a href=\"http:\/\/www.fuldaer-nachrichten.de\/wp-content\/uploads\/2012\/08\/Auf-nach-B\u00fcdingen-sw.jpg\"><img decoding=\"async\" class=\"alignleft size-thumbnail wp-image-100719\" title=\"Auf nach B\u00fcdingen sw\" src=\"http:\/\/www.fuldaer-nachrichten.de\/wp-content\/uploads\/2012\/08\/Auf-nach-B\u00fcdingen-sw-265x176.jpg\" alt=\"\" width=\"265\" height=\"176\" \/><\/a>B\u00fcdingen. Am Samstag, 11. August ab 14 Uhr feiert die B\u00fcdinger Vorstadt ihre Grundsteinlegung, welche vor 300 Jahren mit dem Toleranzedikt begann. Handwerker, wie Buchdrucker, Polsterer, Per\u00fcckenmacher, Glasschleifer oder Schuhputzer waren nicht nur damals von Graf Ernst Casimir zu Ysenburg gesucht, auch heute f\u00fchren sie ihre Handwerkskunst bei dem Familienfest vor. Die eigens f\u00fcr die Handwerker und anderen Ank\u00f6mmlinge errichtete Vorstadt, mit den nach einheitlichem Plan errichteten Fachwerkh\u00e4usern, \u00f6ffnet auch den ein oder anderen r\u00fcckw\u00e4rtigen Wirtschaftshof. So wird der Hannerhof zur Strau\u00dfenwirtschaft, im Gew\u00f6lbekeller, kann man, gern auch beim k\u00fchlen Schoppen, mehr \u00fcber die Geschichte des Hofes als erste B\u00fcdinger Apfelweinkelterei erfahren.<!--more--><\/p>\n<p>Wer mehr \u00fcber das Toleranzedikt von 1712 und der damit verbundenen Gr\u00fcndung der B\u00fcdinger Vorstadt und des Herrnhaags wissen will, kann dies auch bei der neuen Erlebnisf\u00fchrung der Theatergruppe TheodoBo, um 17 Uhr ab Jerusalemer Tor. Kinder k\u00f6nnen sich auf der Sommerrodelbahn und bei historischen Spielen, organisiert von der B\u00fcdinger Turnerschaft, im Hirschgraben austoben. Im Planet Zukunft wird gebastelt und geschminkt. Der Liedermacher Thomas Koppe, der \u201emit dem kleinen gr\u00fcnen Frosch\u201c auf Weltreise geht, darf lautstark unterst\u00fctzt werden und die \u201eRocker vom Rauhen Berg\u201c sorgen f\u00fcr den richtigen Sound zum Fest.<\/p>\n<p>Kanzleirat Becker, der vermutliche Verfasser des Toleranzediktes, h\u00e4tte sicher gro\u00dfe Augen gemacht, wenn er 1712 in der Vorstadt die bolivianische Tanzgruppe \u201ePuerto del Sol\u201c, neben orientalischem Bauchtanz und einer \u00e4thiopischer Kaffeezeremonie, bei der es verf\u00fchrerisch nach ger\u00f6steten Kaffee- und Weihrauch duftet, entdeckt h\u00e4tte. Doch heute passt es wunderbar zum B\u00fcdinger Themenjahr \u201eBunt &amp; Barock\u201c, doch mit seiner Per\u00fccke h\u00e4tte der Kanzleirat auch ohne Probleme an der Per\u00fcckenparty ab 21 Uhr teilnehmen k\u00f6nnen.<\/p>\n","protected":false},"excerpt":{"rendered":"<div class=\"tmnf_excerpt\"><p>B\u00fcdingen. Am Samstag, 11. August ab 14 Uhr feiert die B\u00fcdinger Vorstadt ihre Grundsteinlegung, welche vor 300 Jahren mit dem Toleranzedikt begann. Handwerker, wie Buchdrucker, Polsterer, Per\u00fcckenmacher, Glasschleifer oder Schuhputzer waren nicht nur damals von Graf Ernst Casimir zu Ysenburg gesucht, auch heute f\u00fchren sie ihre Handwerkskunst bei dem Familienfest vor. Die eigens f\u00fcr die &hellip;<\/p>\n<\/div>","protected":false},"author":1,"featured_media":0,"comment_status":"closed","ping_status":"closed","sticky":false,"template":"","format":"standard","meta":{"footnotes":""},"categories":[1],"tags":[],"class_list":["post-100718","post","type-post","status-publish","format-standard","hentry","category-startseite"],"_links":{"self":[{"href":"https:\/\/www.fuldaernachrichten.de\/index.php?rest_route=\/wp\/v2\/posts\/100718","targetHints":{"allow":["GET"]}}],"collection":[{"href":"https:\/\/www.fuldaernachrichten.de\/index.php?rest_route=\/wp\/v2\/posts"}],"about":[{"href":"https:\/\/www.fuldaernachrichten.de\/index.php?rest_route=\/wp\/v2\/types\/post"}],"author":[{"embeddable":true,"href":"https:\/\/www.fuldaernachrichten.de\/index.php?rest_route=\/wp\/v2\/users\/1"}],"replies":[{"embeddable":true,"href":"https:\/\/www.fuldaernachrichten.de\/index.php?rest_route=%2Fwp%2Fv2%2Fcomments&post=100718"}],"version-history":[{"count":0,"href":"https:\/\/www.fuldaernachrichten.de\/index.php?rest_route=\/wp\/v2\/posts\/100718\/revisions"}],"wp:attachment":[{"href":"https:\/\/www.fuldaernachrichten.de\/index.php?rest_route=%2Fwp%2Fv2%2Fmedia&parent=100718"}],"wp:term":[{"taxonomy":"category","embeddable":true,"href":"https:\/\/www.fuldaernachrichten.de\/index.php?rest_route=%2Fwp%2Fv2%2Fcategories&post=100718"},{"taxonomy":"post_tag","embeddable":true,"href":"https:\/\/www.fuldaernachrichten.de\/index.php?rest_route=%2Fwp%2Fv2%2Ftags&post=100718"}],"curies":[{"name":"wp","href":"https:\/\/api.w.org\/{rel}","templated":true}]}}