{"id":100712,"date":"2012-08-07T00:12:16","date_gmt":"2012-08-07T00:12:16","guid":{"rendered":"http:\/\/www.fuldaer-nachrichten.de\/?p=100712"},"modified":"2012-08-07T07:37:58","modified_gmt":"2012-08-07T07:37:58","slug":"mein-schmetterling-kunst-workshop-des-vonderau-museums-in-kooperation-mit-dem-umweltzentrum-2","status":"publish","type":"post","link":"https:\/\/www.fuldaernachrichten.de\/?p=100712","title":{"rendered":"Mein Schmetterling: Kunst-Workshop des Vonderau Museums in Kooperation mit dem Umweltzentrum"},"content":{"rendered":"<p><a href=\"http:\/\/www.fuldaer-nachrichten.de\/wp-content\/uploads\/2012\/08\/Schmetterlinge-im-UWZ.jpg\"><img fetchpriority=\"high\" decoding=\"async\" class=\"alignleft size-thumbnail wp-image-100713\" title=\"Schmetterlinge im UWZ\" src=\"http:\/\/www.fuldaer-nachrichten.de\/wp-content\/uploads\/2012\/08\/Schmetterlinge-im-UWZ-265x198.jpg\" alt=\"\" width=\"265\" height=\"198\" srcset=\"https:\/\/www.fuldaernachrichten.de\/wp-content\/uploads\/2012\/08\/Schmetterlinge-im-UWZ-265x198.jpg 265w, https:\/\/www.fuldaernachrichten.de\/wp-content\/uploads\/2012\/08\/Schmetterlinge-im-UWZ.jpg 600w\" sizes=\"(max-width: 265px) 100vw, 265px\" \/><\/a>Fulda (cp). F\u00fcr alle Schmetterlingsfreunde und Hobbymaler\/innen findet im Umweltzentrum Fulda ein ganz besonderes Projekt statt. Biologin Ellen Plo\u00df l\u00e4dt ein ins Tropenhaus, in dem zahlreiche flatterhafte Exoten ihre neue Heimat gefunden haben. Die Teilnehmer erfahren Wissenswertes \u00fcber Herkunft, Lebensart und Aussehen der Falter, k\u00f6nnen diese live erleben und ein Gl\u00e4schen \u201eSchmetterlingsnektar\u201c genie\u00dfen. Inspiriert von den anmutigen Bewegungen und der vielf\u00e4ltigen Farbenpracht der beliebten Segler, werden die Teilnehmer dann ihren Lieblingsschmetterling auf Leinwand skizzieren und anschlie\u00dfend mit Acrylfarben umsetzen. Unterst\u00fctzt und begleitet werden die Teilnehmer von K\u00fcnstlerin Verena K\u00fchnlein. Die entstandenen Kunstwerke k\u00f6nnen die Maler\/innen direkt mitnehmen. Wer m\u00f6chte, kann sein Schmetterlingsgem\u00e4lde f\u00fcr eine Ausstellung im Umweltzentrum zur Verf\u00fcgung stellen.<!--more--><\/p>\n<p>Termin: Dienstag, 28. August 2012, 17.00 \u2013 20.00 Uhr<br \/>\nOrt: Umweltzentrum Fulda, Johannisstra\u00dfe 44, 36041 Fulda<br \/>\nTeilnehmer: max. 20 Teilnehmer (ab 14 Jahre)<br \/>\nAnmeldeschluss: 17. August 2012<br \/>\nKosten: 39,00 \u00e2\u201a\u00ac. Im Preis sind alle Malutensilien und die Leinwand enthalten<br \/>\nAnmeldungen: Verena K\u00fchnlein, Tel. 0661\u20134800178, www.verenz.de<br \/>\nInfos: Kornelia Wagner, Vonderau Museum, www.museum-fulda.de<\/p>\n","protected":false},"excerpt":{"rendered":"<div class=\"tmnf_excerpt\"><p>Fulda (cp). F\u00fcr alle Schmetterlingsfreunde und Hobbymaler\/innen findet im Umweltzentrum Fulda ein ganz besonderes Projekt statt. Biologin Ellen Plo\u00df l\u00e4dt ein ins Tropenhaus, in dem zahlreiche flatterhafte Exoten ihre neue Heimat gefunden haben. Die Teilnehmer erfahren Wissenswertes \u00fcber Herkunft, Lebensart und Aussehen der Falter, k\u00f6nnen diese live erleben und ein Gl\u00e4schen \u201eSchmetterlingsnektar\u201c genie\u00dfen. Inspiriert von &hellip;<\/p>\n<\/div>","protected":false},"author":1,"featured_media":0,"comment_status":"closed","ping_status":"closed","sticky":false,"template":"","format":"standard","meta":{"footnotes":""},"categories":[1],"tags":[],"class_list":["post-100712","post","type-post","status-publish","format-standard","hentry","category-startseite"],"_links":{"self":[{"href":"https:\/\/www.fuldaernachrichten.de\/index.php?rest_route=\/wp\/v2\/posts\/100712","targetHints":{"allow":["GET"]}}],"collection":[{"href":"https:\/\/www.fuldaernachrichten.de\/index.php?rest_route=\/wp\/v2\/posts"}],"about":[{"href":"https:\/\/www.fuldaernachrichten.de\/index.php?rest_route=\/wp\/v2\/types\/post"}],"author":[{"embeddable":true,"href":"https:\/\/www.fuldaernachrichten.de\/index.php?rest_route=\/wp\/v2\/users\/1"}],"replies":[{"embeddable":true,"href":"https:\/\/www.fuldaernachrichten.de\/index.php?rest_route=%2Fwp%2Fv2%2Fcomments&post=100712"}],"version-history":[{"count":0,"href":"https:\/\/www.fuldaernachrichten.de\/index.php?rest_route=\/wp\/v2\/posts\/100712\/revisions"}],"wp:attachment":[{"href":"https:\/\/www.fuldaernachrichten.de\/index.php?rest_route=%2Fwp%2Fv2%2Fmedia&parent=100712"}],"wp:term":[{"taxonomy":"category","embeddable":true,"href":"https:\/\/www.fuldaernachrichten.de\/index.php?rest_route=%2Fwp%2Fv2%2Fcategories&post=100712"},{"taxonomy":"post_tag","embeddable":true,"href":"https:\/\/www.fuldaernachrichten.de\/index.php?rest_route=%2Fwp%2Fv2%2Ftags&post=100712"}],"curies":[{"name":"wp","href":"https:\/\/api.w.org\/{rel}","templated":true}]}}