{"id":100711,"date":"2012-08-07T00:13:18","date_gmt":"2012-08-07T00:13:18","guid":{"rendered":"http:\/\/www.fuldaer-nachrichten.de\/?p=100711"},"modified":"2012-08-07T07:36:06","modified_gmt":"2012-08-07T07:36:06","slug":"clevercard-schulerinnen-und-schuler-erhalten-neue-fahrausweise-im-schuljahr-201213","status":"publish","type":"post","link":"https:\/\/www.fuldaernachrichten.de\/?p=100711","title":{"rendered":"CleverCard: Sch\u00fclerinnen und Sch\u00fcler erhalten neue Fahrausweise im Schuljahr 2012\/13"},"content":{"rendered":"<p>Fulda (cp). Alle Sch\u00fclerinnen und Sch\u00fcler, die Bahn oder Busse des RMV benutzen und deren Bef\u00f6rderungskosten im \u00f6ffentlichen Personennahverkehr durch die Stadt Fulda \u00fcbernommen werden, erhalten an den ersten Schultagen nach den Sommerferien ihre neuen Fahrausweise, die bis zum 31. Juli 2013 g\u00fcltig sind. Je nach Anspruchsberechtigung erhalten die Sch\u00fclerinnen und Sch\u00fcler entweder eine\u00c2\u00a0 \u201eCleverCard\u201c (Preisstufe 1) oder eine \u201eCleverCard kreisweit\u201c (g\u00fcltig innerhalb des Landkreises Fulda). Beide CleverCards berechtigen auch im kommenden Schuljahr wieder zu Fahrten w\u00e4hrend der Ferien im Gebiet des gesamten Rhein-Main-Verkehrsverbundes.<!--more--><br \/>\n<strong>Vorl\u00e4ufiger Fahrausweis<\/strong><\/p>\n<p>B\u00fcrgermeister Dr. Wolfgang Dippel erkl\u00e4rt, dass mit den Verkehrstr\u00e4gern folgende Vereinbarung getroffen wurde: Die berechtigten Sch\u00fclerinnen und Sch\u00fcler k\u00f6nnen an den ersten Unterrichtstagen die Busse und Z\u00fcge auch ohne Fahrausweis f\u00fcr die t\u00e4glichen Fahrten zur Schule nutzen. Sch\u00fclerinnen und Sch\u00fcler, die ihre Fahrkarte versp\u00e4tet beantragt haben, bekommen im Sekretariat ihrer Schule einen vorl\u00e4ufigen Fahrausweis. F\u00fcr selbst zahlende Sch\u00fclerinnen und Sch\u00fcler sind Antr\u00e4ge f\u00fcr eine \u201eCleverCard\u201c, bzw. \u201eCleverCard kreisweit\u201c unter www.lng.de oder www.uewag.de (Bereich \u00dcWAG-Verkehr) abrufbar. Entsprechende Antr\u00e4ge liegen auch am Fahrkartenschalter am Busbahnhof \u201eStadtschloss\u201c sowie an der LNG Gesch\u00e4ftsstelle Zieherser Weg 2 (gegen\u00fcber Hotel Esperanto) bereit.<\/p>\n<p><strong>Kundenkarte und Wertmarke<\/strong><\/p>\n<p>Der Fahrausweis besteht aus der Kundenkarte und zw\u00f6lf einzelnen Wertmarken. Die Kundenkarte muss vom Berechtigten unterschrieben sein. Ferner werden die Eltern darauf hingewiesen, dass die Sch\u00fclerinnen und Sch\u00fcler nur die Kundenkarte und die jeweils g\u00fcltige Wertmarke mitf\u00fchren sollen. Bei Verlust von Kundenkarten bzw. Wertmarken ist kein kostenloser Ersatz m\u00f6glich.<\/p>\n","protected":false},"excerpt":{"rendered":"<div class=\"tmnf_excerpt\"><p>Fulda (cp). Alle Sch\u00fclerinnen und Sch\u00fcler, die Bahn oder Busse des RMV benutzen und deren Bef\u00f6rderungskosten im \u00f6ffentlichen Personennahverkehr durch die Stadt Fulda \u00fcbernommen werden, erhalten an den ersten Schultagen nach den Sommerferien ihre neuen Fahrausweise, die bis zum 31. Juli 2013 g\u00fcltig sind. Je nach Anspruchsberechtigung erhalten die Sch\u00fclerinnen und Sch\u00fcler entweder eine\u00c2\u00a0 \u201eCleverCard\u201c &hellip;<\/p>\n<\/div>","protected":false},"author":1,"featured_media":0,"comment_status":"closed","ping_status":"closed","sticky":false,"template":"","format":"standard","meta":{"footnotes":""},"categories":[1,35],"tags":[],"class_list":["post-100711","post","type-post","status-publish","format-standard","hentry","category-startseite","category-auto"],"_links":{"self":[{"href":"https:\/\/www.fuldaernachrichten.de\/index.php?rest_route=\/wp\/v2\/posts\/100711","targetHints":{"allow":["GET"]}}],"collection":[{"href":"https:\/\/www.fuldaernachrichten.de\/index.php?rest_route=\/wp\/v2\/posts"}],"about":[{"href":"https:\/\/www.fuldaernachrichten.de\/index.php?rest_route=\/wp\/v2\/types\/post"}],"author":[{"embeddable":true,"href":"https:\/\/www.fuldaernachrichten.de\/index.php?rest_route=\/wp\/v2\/users\/1"}],"replies":[{"embeddable":true,"href":"https:\/\/www.fuldaernachrichten.de\/index.php?rest_route=%2Fwp%2Fv2%2Fcomments&post=100711"}],"version-history":[{"count":0,"href":"https:\/\/www.fuldaernachrichten.de\/index.php?rest_route=\/wp\/v2\/posts\/100711\/revisions"}],"wp:attachment":[{"href":"https:\/\/www.fuldaernachrichten.de\/index.php?rest_route=%2Fwp%2Fv2%2Fmedia&parent=100711"}],"wp:term":[{"taxonomy":"category","embeddable":true,"href":"https:\/\/www.fuldaernachrichten.de\/index.php?rest_route=%2Fwp%2Fv2%2Fcategories&post=100711"},{"taxonomy":"post_tag","embeddable":true,"href":"https:\/\/www.fuldaernachrichten.de\/index.php?rest_route=%2Fwp%2Fv2%2Ftags&post=100711"}],"curies":[{"name":"wp","href":"https:\/\/api.w.org\/{rel}","templated":true}]}}