{"id":100700,"date":"2012-08-06T00:08:38","date_gmt":"2012-08-06T00:08:38","guid":{"rendered":"http:\/\/www.fuldaer-nachrichten.de\/?p=100700"},"modified":"2012-08-06T08:17:58","modified_gmt":"2012-08-06T08:17:58","slug":"dr-schneckenfittichs-comedy-mit-biss-begeistert-zuschauer-ausverkaufter-comedy-abend-mit-heinz-erhard-parodist-andreas-neumann","status":"publish","type":"post","link":"https:\/\/www.fuldaernachrichten.de\/?p=100700","title":{"rendered":"Dr. Schneckenfittichs \u201eComedy mit Biss!\u201c begeistert Zuschauer &#8211; Ausverkaufter Comedy Abend mit Heinz Erhard-Parodist Andreas Neumann"},"content":{"rendered":"<p><a href=\"http:\/\/www.fuldaer-nachrichten.de\/wp-content\/uploads\/2012\/08\/Andreas-Neumann_Dr.-Schneckenfittich-Ideal-Fulda.jpg\"><img fetchpriority=\"high\" decoding=\"async\" class=\"alignnone size-full wp-image-100701\" title=\"Andreas Neumann_Dr. Schneckenfittich, Ideal Fulda\" src=\"http:\/\/www.fuldaer-nachrichten.de\/wp-content\/uploads\/2012\/08\/Andreas-Neumann_Dr.-Schneckenfittich-Ideal-Fulda.jpg\" alt=\"\" width=\"560\" height=\"321\" \/><\/a><\/p>\n<p>Fulda. Dr. Schneckenfittich alias Marion Hasenauer hatte wieder zum \u201eComedy mit Biss!\u201ceingeladen und dieses mal sind die G\u00e4ste herbei gestr\u00f6mt. Bereits am Mittwoch hie\u00df es \u201eVeranstaltung Ausverkauft\u201c in den Vorverkaufsstellen der Fuldaer Zeitung. Mit einer so starken Nachfrage in der Urlaubszeit hatte selbst Veranstalterin Hasenauer von Marion\u00e2\u20ac\u2122s Events und Trends nicht gerechnet und war am Abend bestens aufgelegt.<!--more--><\/p>\n<p>Da buchst\u00e4blich jeder Stuhl im Cafe Ideal besetzt werden musste, begleitete Dr. Schneckenfittich jeden einzelnen Gast zu seinem Platz und ging gleich zum Per Du und dem Verteilen von Pralinen \u00fcber. Denn \u201eEssen hilft immer\u201c bleibt das Motto der offenherzigen Fuldaerin.<\/p>\n<p>Andreas Neumann, ihr Gast des Abends, konnte das Publikum ab der ersten Minute \u00fcberzeugen. Nach einer kurzen Begr\u00fc\u00dfung in seiner \u201eeigenen Tonart\u201c wechselte der Parodist f\u00fcr die n\u00e4chsten 100 Minuten stimmlich verbl\u00fcffend echt in die Rolle von Heinz Erhard. Und im zweiten Teil seines Programms auch noch in weitere Rollen wie Marcel Reich-Ranicki, Heinz R\u00fchmann, Theo Lingen, Hans Moser und Weiteren bis hin zu Inge Meisel. Mit Charme, Wortwitz und den f\u00fcr Heinz Erhard so typischen kleine<\/p>\n<p>Wortverdrehern bereitete Andreas Neumann einen abwechslungsreichen, nostalgischen und Pointen reichen Abend. Viele bekannte Gedichte von Erhard wie auch eigene Ideen des Parodisten Neumann brachten das gesamte Publikum immer wieder zum Lachen. Erst nach zwei Zugaben und Pralinen von Frau Doktor Schneckenfittich wurde er von der B\u00fchne gelassen.<\/p>\n<p>Am 21. September hat Dr. Schneckenfittich beim n\u00e4chsten \u201eComedy mit Biss!\u201c Andreas Wahler und seine Figuren &#8220;Theofine&#8221; und die &#8220;strickenden Oma&#8221; zu Gast. Karten f\u00fcr 17 Euro gibt es bei allen VVK Stellen der Fuldaer Zeitung und im Internet bei <a href=\"http:\/\/www.marions-events.de\" target=\"_blank\">www.marions-events.de<\/a>.<\/p>\n","protected":false},"excerpt":{"rendered":"<div class=\"tmnf_excerpt\"><p>Fulda. Dr. Schneckenfittich alias Marion Hasenauer hatte wieder zum \u201eComedy mit Biss!\u201ceingeladen und dieses mal sind die G\u00e4ste herbei gestr\u00f6mt. Bereits am Mittwoch hie\u00df es \u201eVeranstaltung Ausverkauft\u201c in den Vorverkaufsstellen der Fuldaer Zeitung. Mit einer so starken Nachfrage in der Urlaubszeit hatte selbst Veranstalterin Hasenauer von Marion\u00e2\u20ac\u2122s Events und Trends nicht gerechnet und war am &hellip;<\/p>\n<\/div>","protected":false},"author":1,"featured_media":0,"comment_status":"closed","ping_status":"closed","sticky":false,"template":"","format":"standard","meta":{"footnotes":""},"categories":[1,44,78],"tags":[],"class_list":["post-100700","post","type-post","status-publish","format-standard","hentry","category-startseite","category-kultur","category-topthema"],"_links":{"self":[{"href":"https:\/\/www.fuldaernachrichten.de\/index.php?rest_route=\/wp\/v2\/posts\/100700","targetHints":{"allow":["GET"]}}],"collection":[{"href":"https:\/\/www.fuldaernachrichten.de\/index.php?rest_route=\/wp\/v2\/posts"}],"about":[{"href":"https:\/\/www.fuldaernachrichten.de\/index.php?rest_route=\/wp\/v2\/types\/post"}],"author":[{"embeddable":true,"href":"https:\/\/www.fuldaernachrichten.de\/index.php?rest_route=\/wp\/v2\/users\/1"}],"replies":[{"embeddable":true,"href":"https:\/\/www.fuldaernachrichten.de\/index.php?rest_route=%2Fwp%2Fv2%2Fcomments&post=100700"}],"version-history":[{"count":1,"href":"https:\/\/www.fuldaernachrichten.de\/index.php?rest_route=\/wp\/v2\/posts\/100700\/revisions"}],"predecessor-version":[{"id":100702,"href":"https:\/\/www.fuldaernachrichten.de\/index.php?rest_route=\/wp\/v2\/posts\/100700\/revisions\/100702"}],"wp:attachment":[{"href":"https:\/\/www.fuldaernachrichten.de\/index.php?rest_route=%2Fwp%2Fv2%2Fmedia&parent=100700"}],"wp:term":[{"taxonomy":"category","embeddable":true,"href":"https:\/\/www.fuldaernachrichten.de\/index.php?rest_route=%2Fwp%2Fv2%2Fcategories&post=100700"},{"taxonomy":"post_tag","embeddable":true,"href":"https:\/\/www.fuldaernachrichten.de\/index.php?rest_route=%2Fwp%2Fv2%2Ftags&post=100700"}],"curies":[{"name":"wp","href":"https:\/\/api.w.org\/{rel}","templated":true}]}}