{"id":100696,"date":"2012-08-06T00:14:37","date_gmt":"2012-08-06T00:14:37","guid":{"rendered":"http:\/\/www.fuldaer-nachrichten.de\/?p=100696"},"modified":"2012-08-06T08:01:13","modified_gmt":"2012-08-06T08:01:13","slug":"edag-und-fft-edag-erhohen-kapazitaten-und-begrusen-204-auszubildende-und-duale-studenteninnen","status":"publish","type":"post","link":"https:\/\/www.fuldaernachrichten.de\/?p=100696","title":{"rendered":"EDAG und FFT EDAG erh\u00f6hen Kapazit\u00e4ten und begr\u00fc\u00dfen 204 Auszubildende und duale Studenten\/innen"},"content":{"rendered":"<p><a href=\"http:\/\/www.fuldaer-nachrichten.de\/wp-content\/uploads\/2012\/08\/EDAG_Azubis_2012.jpg\"><img decoding=\"async\" class=\"alignleft size-thumbnail wp-image-100697\" title=\"EDAG_Azubis_2012\" src=\"http:\/\/www.fuldaer-nachrichten.de\/wp-content\/uploads\/2012\/08\/EDAG_Azubis_2012-265x112.jpg\" alt=\"\" width=\"265\" height=\"112\" srcset=\"https:\/\/www.fuldaernachrichten.de\/wp-content\/uploads\/2012\/08\/EDAG_Azubis_2012-265x112.jpg 265w, https:\/\/www.fuldaernachrichten.de\/wp-content\/uploads\/2012\/08\/EDAG_Azubis_2012.jpg 600w\" sizes=\"(max-width: 265px) 100vw, 265px\" \/><\/a>Fulda. Mit Beginn des neuen Ausbildungsjahres begannen bundesweit erstmals \u00fcber 200 Auszubildende und duale Studenten\/innen ihren ersten Arbeitstag bei den Unternehmen EDAG GmbH &amp; Co. KGaA und FFT EDAG Produktionssysteme GmbH &amp; Co. KG. Allein am Unternehmenssitz Fulda wurden 96 Berufsanf\u00e4nger von der Gesch\u00e4ftsf\u00fchrung begr\u00fc\u00dft. F\u00fcr das nun startende Ausbildungsjahr verzeichnen beide Unternehmen mit 204 Berufsanf\u00e4ngern einen neuen Rekord bei den Neueinstellungen. Davon tragen ab sofort deutschlandweit 161 Auszubildende und duale Studenten\/innen einen EDAG- und 43 einen FFT-EDAG-Ausweis. Mit mehr als 90 Berufsanf\u00e4ngern allein am Standort Fulda kann der Unternehmensverbund zu einem der gr\u00f6\u00dften Ausbildungsbetriebe in der hiesigen Wirtschaftsregion gez\u00e4hlt werden.<!--more--><\/p>\n<p><strong>Begr\u00fc\u00dfung durch die Gesch\u00e4ftsf\u00fchrung am Unternehmenssitz Fulda<\/strong><\/p>\n<p>Die neuen Mitarbeiter\/innen wurden von der Gesch\u00e4ftsf\u00fchrung beider Unternehmen am Unternehmenssitz begr\u00fc\u00dft. J\u00f6rg Ohlsen (CEO EDAG Group) ermunterte dabei zum steten Blick nach vorn. \u201eDie innerbetriebliche Ausbildung ist f\u00fcr uns auch ein Erfolgsindikator f\u00fcr die zuk\u00fcnftige Entwicklung eines Unternehmens. Mehrfach ausgezeichnet freuen wir uns, gemeinsam ihren weiteren Werdegang erfolgreich mitzugestalten. Denn ihre Motivation ist unser gemeinsamer Erfolg\u201c, so Ohlsen.<\/p>\n<p>Auch f\u00fcr Manfred Hahl, CEO der FFT EDAG, h\u00e4ngt der Erfolg des weiteren Werdeganges von der Qualit\u00e4t der Ausbildung ab. \u201eHier haben wir in der Region ein gut funktionierendes Netzwerk an Ausbildungsinstitutionen geschaffen, was in der Vergangenheit durch herausragende Ergebnisse unserer Auszubildenden und Studenten best\u00e4tigt wurde\u201c, bekr\u00e4ftigt Hahl.<\/p>\n<p><strong>Ausbildung bei EDAG und FFT \u2013 Verantwortung \u00fcber die Region hinaus<\/strong><\/p>\n<p>Die auf die Automobilindustrie fokussierten Unternehmen engagieren sich im Ausbildungsbereich auch bundesweit auf hohem Niveau. An den deutschen Niederlassungen forciert die EDAG Group den kontinuierlichen Aufbau junger Mitarbeiter\/innen durch die betriebliche Erstausbildung. Ab Oktober befinden sich insgesamt 345 junge EDAG-Mitarbeiter in der Erstausbildung, dies entspricht einer Quote in Deutschland von knapp 14 Prozent. \u201eNat\u00fcrlich stellt Fulda mit 166 sich in der Lehrphase befindenden Mitarbeitern\/innen den gr\u00f6\u00dften Einzelposten dar. Als deutschlandweit operierendes Unternehmen ist aber auch eine standortbezogene Ausbildung unabdingbar f\u00fcr unseren weiteren Erfolg\u201c, so Alexandra Dantmann, Leiterin Recruiting und Personalentwicklung der EDAG Group, die dabei auf die traditionell hohe \u00dcbernahmequote von ann\u00e4hernd 100 Prozent verweist.<\/p>\n<p>Die EDAG Group, der Engineering-Partner mit Unternehmenssitz Fulda profitiert als weltweit t\u00e4tiger Entwickler von Modulen bis hin zu kompletten Fahrzeugen von der wachsenden Modelloffensive f\u00fchrender Fahrzeughersteller. Das Unternehmen FFT EDAG profitiert als weltweiter Systemanbieter automatisierter und flexibler Fertigungseinrichtungen von der Nachfrage des spezialisierten Produktportfolios. Beide Unternehmen agieren in der Ausbildungspolitik in einem Verbund eines gemeinsamen Gesellschafters.<\/p>\n","protected":false},"excerpt":{"rendered":"<div class=\"tmnf_excerpt\"><p>Fulda. Mit Beginn des neuen Ausbildungsjahres begannen bundesweit erstmals \u00fcber 200 Auszubildende und duale Studenten\/innen ihren ersten Arbeitstag bei den Unternehmen EDAG GmbH &amp; Co. KGaA und FFT EDAG Produktionssysteme GmbH &amp; Co. KG. Allein am Unternehmenssitz Fulda wurden 96 Berufsanf\u00e4nger von der Gesch\u00e4ftsf\u00fchrung begr\u00fc\u00dft. F\u00fcr das nun startende Ausbildungsjahr verzeichnen beide Unternehmen mit 204 &hellip;<\/p>\n<\/div>","protected":false},"author":1,"featured_media":0,"comment_status":"closed","ping_status":"closed","sticky":false,"template":"","format":"standard","meta":{"footnotes":""},"categories":[1,53],"tags":[],"class_list":["post-100696","post","type-post","status-publish","format-standard","hentry","category-startseite","category-bildung"],"_links":{"self":[{"href":"https:\/\/www.fuldaernachrichten.de\/index.php?rest_route=\/wp\/v2\/posts\/100696","targetHints":{"allow":["GET"]}}],"collection":[{"href":"https:\/\/www.fuldaernachrichten.de\/index.php?rest_route=\/wp\/v2\/posts"}],"about":[{"href":"https:\/\/www.fuldaernachrichten.de\/index.php?rest_route=\/wp\/v2\/types\/post"}],"author":[{"embeddable":true,"href":"https:\/\/www.fuldaernachrichten.de\/index.php?rest_route=\/wp\/v2\/users\/1"}],"replies":[{"embeddable":true,"href":"https:\/\/www.fuldaernachrichten.de\/index.php?rest_route=%2Fwp%2Fv2%2Fcomments&post=100696"}],"version-history":[{"count":0,"href":"https:\/\/www.fuldaernachrichten.de\/index.php?rest_route=\/wp\/v2\/posts\/100696\/revisions"}],"wp:attachment":[{"href":"https:\/\/www.fuldaernachrichten.de\/index.php?rest_route=%2Fwp%2Fv2%2Fmedia&parent=100696"}],"wp:term":[{"taxonomy":"category","embeddable":true,"href":"https:\/\/www.fuldaernachrichten.de\/index.php?rest_route=%2Fwp%2Fv2%2Fcategories&post=100696"},{"taxonomy":"post_tag","embeddable":true,"href":"https:\/\/www.fuldaernachrichten.de\/index.php?rest_route=%2Fwp%2Fv2%2Ftags&post=100696"}],"curies":[{"name":"wp","href":"https:\/\/api.w.org\/{rel}","templated":true}]}}