{"id":100694,"date":"2012-08-06T00:13:31","date_gmt":"2012-08-06T00:13:31","guid":{"rendered":"http:\/\/www.fuldaer-nachrichten.de\/?p=100694"},"modified":"2012-08-06T07:56:21","modified_gmt":"2012-08-06T07:56:21","slug":"vermieter-mussen-sich-in-rechtsprechung-auskennen-40-gaste-beim-info-abend-des-haus-und-grundeigentumervereins-rhon","status":"publish","type":"post","link":"https:\/\/www.fuldaernachrichten.de\/?p=100694","title":{"rendered":"Vermieter m\u00fcssen sich in Rechtsprechung auskennen &#8211; 40 G\u00e4ste beim Info-Abend des Haus- und Grundeigent\u00fcmervereins Rh\u00f6n"},"content":{"rendered":"<p><strong><a href=\"http:\/\/www.fuldaer-nachrichten.de\/wp-content\/uploads\/2012\/08\/1.jpg\"><img decoding=\"async\" class=\"alignleft size-thumbnail wp-image-100695\" title=\"1\" src=\"http:\/\/www.fuldaer-nachrichten.de\/wp-content\/uploads\/2012\/08\/1-265x175.jpg\" alt=\"\" width=\"265\" height=\"175\" srcset=\"https:\/\/www.fuldaernachrichten.de\/wp-content\/uploads\/2012\/08\/1-265x175.jpg 265w, https:\/\/www.fuldaernachrichten.de\/wp-content\/uploads\/2012\/08\/1.jpg 600w\" sizes=\"(max-width: 265px) 100vw, 265px\" \/><\/a>Poppenhausen<\/strong>. Wann ist der Mieter verpflichtet, die Wohnung renoviert zur\u00fcckzugeben und darf dies in Eigenregie geschehen oder muss eine Fachfirma beauftragt werden? \u00c2\u00a0Was sind Sch\u00f6nheitsreparaturen, wann sind sie vorzunehmen und wer muss daf\u00fcr aufkommen? Diese und viele weitere Fragen wurden anl\u00e4sslich des j\u00fcngsten Informationsabends des Haus- und Grundeigent\u00fcmervereins Rh\u00f6n in den R\u00e4umlichkeiten der Vorsitzenden Dr. Sylke Wagner er\u00f6rtert. Rund 40 G\u00e4ste waren nach Poppenhausen gekommen &#8211; eine gro\u00dfe Resonanz, wie Dr. Wagner erfreut feststellen konnte und dies mit der Brisanz der Thematik erkl\u00e4rte. <!--more--><\/p>\n<p>Denn wenngleich sich zahlreiche Fragen rund um Sch\u00f6nheitsreparaturen und Endrenovierung scheinbar leicht in einem Mietvertrag einbringen lassen, gibt die Rechtsprechung des Bundesgerichtshofs klare Grenzen vor. Dem Vermieter\u00c2\u00a0ist damit ein enger Spielraum gesetzt. \u201eDer Bundesgerichtshof verlangt, dass der Vermieter auf dem Wissensstand eines Rechtsanwaltes ist, sich im Mietrecht auskennt, die Rechtsprechung des BGH kennt und die Mietvertr\u00e4ge entsprechend anpasst&#8221;, so die Juristin Dr. Wagner.<\/p>\n<p>Die Mietrechtsnovelle wird zwar im Hinblick auf die sogenannten Mietnomaden gute neue M\u00f6glichkeiten vorgeben, \u00e4ndert jedoch an dieser Situation der Vermieter nichts. Charmantes Fazit: \u201eUm Ihnen bei Ihren Fragen zu helfen, haben wir \u00c2\u00a0den Haus- und Grundeigent\u00fcmerverein etabliert.\u201c \u00dcber den aktuellen Stand der Abzugsf\u00e4higkeit energetischer Ma\u00dfnahmen referierte anschlie\u00dfend Steuerberater und 2. Vorsitzender des Vereins, Marco Rausch. Weitere Themen des Steuerberaters und Inhabers der Kanzlei Rausch, Zeiger und Partner waren Immobilien in der Nachfolgeplanung und die Versch\u00e4rfung des Erbschafts-Rechts.<\/p>\n<p>Zum Foto: Informierten die Interessenten \u00fcber Neuigkeiten aus dem Steuer- und Mietrecht: Dr. Sylke Wagner und Marco Rausch.<\/p>\n","protected":false},"excerpt":{"rendered":"<div class=\"tmnf_excerpt\"><p>Poppenhausen. Wann ist der Mieter verpflichtet, die Wohnung renoviert zur\u00fcckzugeben und darf dies in Eigenregie geschehen oder muss eine Fachfirma beauftragt werden? \u00c2\u00a0Was sind Sch\u00f6nheitsreparaturen, wann sind sie vorzunehmen und wer muss daf\u00fcr aufkommen? Diese und viele weitere Fragen wurden anl\u00e4sslich des j\u00fcngsten Informationsabends des Haus- und Grundeigent\u00fcmervereins Rh\u00f6n in den R\u00e4umlichkeiten der Vorsitzenden Dr. &hellip;<\/p>\n<\/div>","protected":false},"author":1,"featured_media":0,"comment_status":"closed","ping_status":"closed","sticky":false,"template":"","format":"standard","meta":{"footnotes":""},"categories":[1],"tags":[],"class_list":["post-100694","post","type-post","status-publish","format-standard","hentry","category-startseite"],"_links":{"self":[{"href":"https:\/\/www.fuldaernachrichten.de\/index.php?rest_route=\/wp\/v2\/posts\/100694","targetHints":{"allow":["GET"]}}],"collection":[{"href":"https:\/\/www.fuldaernachrichten.de\/index.php?rest_route=\/wp\/v2\/posts"}],"about":[{"href":"https:\/\/www.fuldaernachrichten.de\/index.php?rest_route=\/wp\/v2\/types\/post"}],"author":[{"embeddable":true,"href":"https:\/\/www.fuldaernachrichten.de\/index.php?rest_route=\/wp\/v2\/users\/1"}],"replies":[{"embeddable":true,"href":"https:\/\/www.fuldaernachrichten.de\/index.php?rest_route=%2Fwp%2Fv2%2Fcomments&post=100694"}],"version-history":[{"count":0,"href":"https:\/\/www.fuldaernachrichten.de\/index.php?rest_route=\/wp\/v2\/posts\/100694\/revisions"}],"wp:attachment":[{"href":"https:\/\/www.fuldaernachrichten.de\/index.php?rest_route=%2Fwp%2Fv2%2Fmedia&parent=100694"}],"wp:term":[{"taxonomy":"category","embeddable":true,"href":"https:\/\/www.fuldaernachrichten.de\/index.php?rest_route=%2Fwp%2Fv2%2Fcategories&post=100694"},{"taxonomy":"post_tag","embeddable":true,"href":"https:\/\/www.fuldaernachrichten.de\/index.php?rest_route=%2Fwp%2Fv2%2Ftags&post=100694"}],"curies":[{"name":"wp","href":"https:\/\/api.w.org\/{rel}","templated":true}]}}