{"id":100692,"date":"2012-08-06T00:11:06","date_gmt":"2012-08-06T00:11:06","guid":{"rendered":"http:\/\/www.fuldaer-nachrichten.de\/?p=100692"},"modified":"2012-08-06T07:52:26","modified_gmt":"2012-08-06T07:52:26","slug":"angela-philipp-sabine-moller-christine-hohmeier-und-frank-leinberger-sind-25-jahre-im-offentlichen-dienst","status":"publish","type":"post","link":"https:\/\/www.fuldaernachrichten.de\/?p=100692","title":{"rendered":"Angela Philipp, Sabine M\u00f6ller, Christine Hohmeier und Frank Leinberger sind 25 Jahre im \u00f6ffentlichen Dienst"},"content":{"rendered":"<p><a href=\"http:\/\/www.fuldaer-nachrichten.de\/wp-content\/uploads\/2012\/08\/PhilippMoellerZielinskiHohmeierLeinbergerPRESSE.jpg\"><img fetchpriority=\"high\" decoding=\"async\" class=\"alignleft size-thumbnail wp-image-100693\" title=\"PhilippMoellerZielinskiHohmeierLeinbergerPRESSE\" src=\"http:\/\/www.fuldaer-nachrichten.de\/wp-content\/uploads\/2012\/08\/PhilippMoellerZielinskiHohmeierLeinbergerPRESSE-265x191.jpg\" alt=\"\" width=\"265\" height=\"191\" srcset=\"https:\/\/www.fuldaernachrichten.de\/wp-content\/uploads\/2012\/08\/PhilippMoellerZielinskiHohmeierLeinbergerPRESSE-265x191.jpg 265w, https:\/\/www.fuldaernachrichten.de\/wp-content\/uploads\/2012\/08\/PhilippMoellerZielinskiHohmeierLeinbergerPRESSE.jpg 600w\" sizes=\"(max-width: 265px) 100vw, 265px\" \/><\/a>Vogelsbergkreis. \u201eWir haben sehr qualifizierte Mitarbeiterinnen und Mitarbeiter, die den Kreis voranbringen.\u201c Dies sagte Erster Kreisbeigeordneter Peter Zielinski, als er mehreren Bediensteten zum 25. Dienstjubil\u00e4um herzlich gratulierte. Angela Philipp, Sabine M\u00f6ller, Christine Hohmeier und Frank Leinberger begannen vor 25 Jahren ihre Arbeit im \u00f6ffentlichen Dienst, allesamt beim Vogelsbergkreis. Der Vizelandrat lobte das produktive Klima im Kreishaus, was f\u00fcr die Aufgabenerledigung im Interesse der B\u00fcrgerinnen und B\u00fcrger und des Kreises insgesamt von hohem Wert sei. Verantwortungsvoll, gewissenhaft und kundenorientiert \u2013 so beschrieb er alle Geehrten.<!--more--><\/p>\n<p>Hauptamtsleiter Erich Bloch, Jugendamtsleiterin Dagmar Scherer, Sozialamtsleiter Werner K\u00f6hler, Ordnungsamtsleiter Siegfried Simon, kommissarischer Schulverwaltungsamtsleiter Berthold Habermehl, Gesundheitsamtsleiterin Renate Meudt, Personalratsvorsitzender Peter Sukdolak und Frauenbeauftragte Conny Hentz \u00fcberbrachten ebenfalls herzliche Gl\u00fcckw\u00fcnsche. \u201ePositive Einstellung zum eigenen Beruf\u201c, Organisationsgeschick, Einf\u00fchlungsverm\u00f6gen, \u201eF\u00e4higkeit, Zielkonflikte zu l\u00f6sen\u201c, Belastbarkeit, Fr\u00f6hlichkeit, Verl\u00e4sslichkeit, \u201ehoch engagiert und hoch strukturiert\u201c sowie \u201eerkennbare Freude an der Arbeit\u201c \u2013 so beschrieben die Gratulanten die Jubilare.<\/p>\n<p>\u201eSchon sehr fr\u00fch hat die Kreisverwaltung auf die Qualifikation von Frauen gesetzt\u201c, betonte Verwaltungsdirektor Bloch. Und Personalratsvorsitzender Sukdolak best\u00e4tigte: \u201eVon den zehn Azubis, die 1987, also vor 25 Jahren, beim Kreis begonnen haben, war Frank Leinberger sozusagen der Quoten-Mann.\u201c<\/p>\n<p>Angela Philipp aus Heblos begann 1987 ihre Ausbildung beim Kreis. Von 1991 bis 1994 absolvierte sie erfolgreich die Fortbildung zur Verwaltungsfachwirtin. Sie arbeitete zun\u00e4chst im Bereich Brandschutz und Rettungsdienst, der zum Hauptamt geh\u00f6rt. Seit 2001 ist sie im Amt f\u00fcr Jugend, Familie und Sport eingesetzt, unter anderem in der Elternberatungsstelle.<\/p>\n<p>Sabine M\u00f6ller aus Schwalmtal-Ober-Sorg begann 1987 ihre Ausbildung zur Stenosekret\u00e4rin beim Vogelsbergkreis. Vom zentralen Schreibdienst wechselte sie 1992 in die Finanzabteilung. Seit 2001 ist ihr T\u00e4tigkeitsfeld das Schulverwaltungsamt, vor allem im Bereich der Sch\u00fclerbef\u00f6rderung.<\/p>\n<p>Christine Hohmeier wohnt in Rimlos und begann ihre Ausbildung zur Arzthelferin ebenfalls 1987 beim Vogelsbergkreis. Seitdem arbeitet sie im Gesundheitsamt, vor allem im Bereich \u201eJugendzahn\u00e4rztlicher Dienst\u201c.<\/p>\n<p>Frank Leinberger aus Herbstein begann 1987 die Ausbildung zum Verwaltungsfachangestellten beim Vogelsbergkreis. Ab 1990 arbeitete er nach erfolgreichem Abschluss im Amt f\u00fcr Finanzen. Gleichzeitig besuchte er die Fachoberschule in Fulda. 1992 schloss sich der Vorbereitungsdienst f\u00fcr den gehobenen Dienst beim Regierungspr\u00e4sidium Gie\u00dfen an. Seit 1995 ist Frank Leinberger wieder beim Kreis. Er arbeitet im Amt f\u00fcr Aufsichts- und Ordnungsangelegenheiten in den Bereichen Jagd-, Fischerei- und Waffenwesen.<\/p>\n","protected":false},"excerpt":{"rendered":"<div class=\"tmnf_excerpt\"><p>Vogelsbergkreis. \u201eWir haben sehr qualifizierte Mitarbeiterinnen und Mitarbeiter, die den Kreis voranbringen.\u201c Dies sagte Erster Kreisbeigeordneter Peter Zielinski, als er mehreren Bediensteten zum 25. Dienstjubil\u00e4um herzlich gratulierte. Angela Philipp, Sabine M\u00f6ller, Christine Hohmeier und Frank Leinberger begannen vor 25 Jahren ihre Arbeit im \u00f6ffentlichen Dienst, allesamt beim Vogelsbergkreis. Der Vizelandrat lobte das produktive Klima im &hellip;<\/p>\n<\/div>","protected":false},"author":1,"featured_media":0,"comment_status":"closed","ping_status":"closed","sticky":false,"template":"","format":"standard","meta":{"footnotes":""},"categories":[1],"tags":[],"class_list":["post-100692","post","type-post","status-publish","format-standard","hentry","category-startseite"],"_links":{"self":[{"href":"https:\/\/www.fuldaernachrichten.de\/index.php?rest_route=\/wp\/v2\/posts\/100692","targetHints":{"allow":["GET"]}}],"collection":[{"href":"https:\/\/www.fuldaernachrichten.de\/index.php?rest_route=\/wp\/v2\/posts"}],"about":[{"href":"https:\/\/www.fuldaernachrichten.de\/index.php?rest_route=\/wp\/v2\/types\/post"}],"author":[{"embeddable":true,"href":"https:\/\/www.fuldaernachrichten.de\/index.php?rest_route=\/wp\/v2\/users\/1"}],"replies":[{"embeddable":true,"href":"https:\/\/www.fuldaernachrichten.de\/index.php?rest_route=%2Fwp%2Fv2%2Fcomments&post=100692"}],"version-history":[{"count":0,"href":"https:\/\/www.fuldaernachrichten.de\/index.php?rest_route=\/wp\/v2\/posts\/100692\/revisions"}],"wp:attachment":[{"href":"https:\/\/www.fuldaernachrichten.de\/index.php?rest_route=%2Fwp%2Fv2%2Fmedia&parent=100692"}],"wp:term":[{"taxonomy":"category","embeddable":true,"href":"https:\/\/www.fuldaernachrichten.de\/index.php?rest_route=%2Fwp%2Fv2%2Fcategories&post=100692"},{"taxonomy":"post_tag","embeddable":true,"href":"https:\/\/www.fuldaernachrichten.de\/index.php?rest_route=%2Fwp%2Fv2%2Ftags&post=100692"}],"curies":[{"name":"wp","href":"https:\/\/api.w.org\/{rel}","templated":true}]}}