{"id":100691,"date":"2012-08-06T00:10:43","date_gmt":"2012-08-06T00:10:43","guid":{"rendered":"http:\/\/www.fuldaer-nachrichten.de\/?p=100691"},"modified":"2012-08-06T07:50:46","modified_gmt":"2012-08-06T07:50:46","slug":"wack-woarscht-on-wie-am-samstag-11-august-weinforum-alles-was-bizzelt-am-17-august","status":"publish","type":"post","link":"https:\/\/www.fuldaernachrichten.de\/?p=100691","title":{"rendered":"W\u00e4ck, Woarscht on Wie am Samstag 11. August &#8211; Weinforum \u201eAlles, was bizzelt\u201c am 17. August"},"content":{"rendered":"<p>Fulda. Der Weinhistorische Konvent l\u00e4dt zum n\u00e4chsten W\u00e4ck, Woarscht on Wie am Samstag 11. August von 14:00 \u2013 18:30 Uhr in den Weinberg Garten der Weingeschichte -\u00c2\u00a0 am Frauenberg ein. Mit dem 2011 Riesling Pfalz aus dem Weingut Thorsten Krieger ist ein sensationeller Wein im Auschank. Er hat beim Wettbewerb best of riesling 2012\u00c2\u00a0 als \u201eeinfacher\u201c Liter-Wein den 2. Platz gewonnen. Dem Konvent ist es gelungen ein paar Flaschen f\u00fcr den Ausschank zu ergattern: fruchtbetont, knackiger Pfirsich, viel Zitrus, zart-florale Noten und frische S\u00e4ure.<!--more--><br \/>\n<strong>Weinforum \u201eAlles, was bizzelt\u201c am 17. August<\/strong><br \/>\nAm 17. August k\u00f6nnen Freude des Secco und des Winzersektes eine anregende Probe um 19:30 Uhr im Weinberg genie\u00dfen (Mitglieder 20 \u00e2\u201a\u00ac, G\u00e4ste 25 \u00e2\u201a\u00ac). Anmeldung sind obligatorisch bei Hartmann@weinhistorischer-konvent.de oder per Fax 0661-3802740 oder bei Biosthetique Coiffeur Odile Wind, Friedrichstr. 11<\/p>\n","protected":false},"excerpt":{"rendered":"<div class=\"tmnf_excerpt\"><p>Fulda. Der Weinhistorische Konvent l\u00e4dt zum n\u00e4chsten W\u00e4ck, Woarscht on Wie am Samstag 11. August von 14:00 \u2013 18:30 Uhr in den Weinberg Garten der Weingeschichte -\u00c2\u00a0 am Frauenberg ein. Mit dem 2011 Riesling Pfalz aus dem Weingut Thorsten Krieger ist ein sensationeller Wein im Auschank. Er hat beim Wettbewerb best of riesling 2012\u00c2\u00a0 als &hellip;<\/p>\n<\/div>","protected":false},"author":1,"featured_media":0,"comment_status":"closed","ping_status":"closed","sticky":false,"template":"","format":"standard","meta":{"footnotes":""},"categories":[1,37],"tags":[],"class_list":["post-100691","post","type-post","status-publish","format-standard","hentry","category-startseite","category-essen-und-trinken"],"_links":{"self":[{"href":"https:\/\/www.fuldaernachrichten.de\/index.php?rest_route=\/wp\/v2\/posts\/100691","targetHints":{"allow":["GET"]}}],"collection":[{"href":"https:\/\/www.fuldaernachrichten.de\/index.php?rest_route=\/wp\/v2\/posts"}],"about":[{"href":"https:\/\/www.fuldaernachrichten.de\/index.php?rest_route=\/wp\/v2\/types\/post"}],"author":[{"embeddable":true,"href":"https:\/\/www.fuldaernachrichten.de\/index.php?rest_route=\/wp\/v2\/users\/1"}],"replies":[{"embeddable":true,"href":"https:\/\/www.fuldaernachrichten.de\/index.php?rest_route=%2Fwp%2Fv2%2Fcomments&post=100691"}],"version-history":[{"count":0,"href":"https:\/\/www.fuldaernachrichten.de\/index.php?rest_route=\/wp\/v2\/posts\/100691\/revisions"}],"wp:attachment":[{"href":"https:\/\/www.fuldaernachrichten.de\/index.php?rest_route=%2Fwp%2Fv2%2Fmedia&parent=100691"}],"wp:term":[{"taxonomy":"category","embeddable":true,"href":"https:\/\/www.fuldaernachrichten.de\/index.php?rest_route=%2Fwp%2Fv2%2Fcategories&post=100691"},{"taxonomy":"post_tag","embeddable":true,"href":"https:\/\/www.fuldaernachrichten.de\/index.php?rest_route=%2Fwp%2Fv2%2Ftags&post=100691"}],"curies":[{"name":"wp","href":"https:\/\/api.w.org\/{rel}","templated":true}]}}