{"id":100688,"date":"2012-08-06T00:09:07","date_gmt":"2012-08-06T00:09:07","guid":{"rendered":"http:\/\/www.fuldaer-nachrichten.de\/?p=100688"},"modified":"2012-08-06T07:28:42","modified_gmt":"2012-08-06T07:28:42","slug":"fliedens-sozialdemokraten-laden-zum-traditionellen-kinder-und-jugendflohmarkt-ein","status":"publish","type":"post","link":"https:\/\/www.fuldaernachrichten.de\/?p=100688","title":{"rendered":"Fliedens Sozialdemokraten laden zum traditionellen Kinder- und Jugendflohmarkt ein"},"content":{"rendered":"<p>Flieden. Auch in diesem Jahr organisieren Fliedens Sozialdemokraten wieder den traditionellen Kinder- und Jugendflohmarkt auf dem Dorfplatz vor der Fliedetalschule gegen\u00fcber dem Rathaus in der Ortsmitte von Flieden.<!--more--><\/p>\n<p><strong>Termin:<\/strong> \u00c2\u00a0<strong>Der letzte Sonntag in den Sommerferien, 12. August 2012<\/strong>,<br \/>\n<strong>Ort:\u00c2\u00a0 Dorfplatz vor der Fliedtalschule gegen\u00fcber dem Rathaus in Flieden<br \/>\nZeit: 11.00 Uhr ( nach dem Gottesdienst ) bis 17.00 Uhr<\/strong><\/p>\n<p>Es k\u00f6nnen alle gebrauchten Gegenst\u00e4nde des t\u00e4glichen Bedarfs von den Kindern und Jugendlichen aus dem Gro\u00dfraum Flieden\u00c2\u00a0 zum Verkauf oder Tausch angeboten werden. B\u00e4nke und Tische f\u00fcr das Auslegen der Waren sind erstmals selbst mitzubringen. F\u00fcr alle Kinder und Jugendlichen ist die Teilnahme kostenlos, d.h. es wird wie seither keine Standgeb\u00fchr erhoben. Die Veranstaltung findet nur bei sch\u00f6nem Wetter statt. Zur Erfrischung und St\u00e4rkung werden k\u00fchle Getr\u00e4nke und Grillw\u00fcrste angeboten.<\/p>\n","protected":false},"excerpt":{"rendered":"<div class=\"tmnf_excerpt\"><p>Flieden. Auch in diesem Jahr organisieren Fliedens Sozialdemokraten wieder den traditionellen Kinder- und Jugendflohmarkt auf dem Dorfplatz vor der Fliedetalschule gegen\u00fcber dem Rathaus in der Ortsmitte von Flieden.<\/p>\n<\/div>","protected":false},"author":1,"featured_media":0,"comment_status":"closed","ping_status":"closed","sticky":false,"template":"","format":"standard","meta":{"footnotes":""},"categories":[1,29],"tags":[],"class_list":["post-100688","post","type-post","status-publish","format-standard","hentry","category-startseite","category-politik"],"_links":{"self":[{"href":"https:\/\/www.fuldaernachrichten.de\/index.php?rest_route=\/wp\/v2\/posts\/100688","targetHints":{"allow":["GET"]}}],"collection":[{"href":"https:\/\/www.fuldaernachrichten.de\/index.php?rest_route=\/wp\/v2\/posts"}],"about":[{"href":"https:\/\/www.fuldaernachrichten.de\/index.php?rest_route=\/wp\/v2\/types\/post"}],"author":[{"embeddable":true,"href":"https:\/\/www.fuldaernachrichten.de\/index.php?rest_route=\/wp\/v2\/users\/1"}],"replies":[{"embeddable":true,"href":"https:\/\/www.fuldaernachrichten.de\/index.php?rest_route=%2Fwp%2Fv2%2Fcomments&post=100688"}],"version-history":[{"count":0,"href":"https:\/\/www.fuldaernachrichten.de\/index.php?rest_route=\/wp\/v2\/posts\/100688\/revisions"}],"wp:attachment":[{"href":"https:\/\/www.fuldaernachrichten.de\/index.php?rest_route=%2Fwp%2Fv2%2Fmedia&parent=100688"}],"wp:term":[{"taxonomy":"category","embeddable":true,"href":"https:\/\/www.fuldaernachrichten.de\/index.php?rest_route=%2Fwp%2Fv2%2Fcategories&post=100688"},{"taxonomy":"post_tag","embeddable":true,"href":"https:\/\/www.fuldaernachrichten.de\/index.php?rest_route=%2Fwp%2Fv2%2Ftags&post=100688"}],"curies":[{"name":"wp","href":"https:\/\/api.w.org\/{rel}","templated":true}]}}