{"id":100687,"date":"2012-08-06T00:10:08","date_gmt":"2012-08-06T00:10:08","guid":{"rendered":"http:\/\/www.fuldaer-nachrichten.de\/?p=100687"},"modified":"2012-08-06T07:26:49","modified_gmt":"2012-08-06T07:26:49","slug":"tausche-hotelzimmer-gegen-gastfamilie","status":"publish","type":"post","link":"https:\/\/www.fuldaernachrichten.de\/?p=100687","title":{"rendered":"Tausche Hotelzimmer gegen Gastfamilie"},"content":{"rendered":"<p>Wiesbaden. Wenn es am sch\u00f6nsten ist, vergeht die Zeit wie im Flug \u00e2\u20ac\u2019 dieses Gef\u00fchl kennt jeder, der schon einmal Urlaub gemacht hat. Die vielen Eindr\u00fccke der neuen Umgebung, das Klima und die exotischen Speisen wirken \u00fcberw\u00e4ltigend, machen aber vor allem neugierig und Lust auf mehr. Um ein Land mit all seinen Facetten zu verstehen, reichen die Ferien jedoch nicht aus. \u201eNach f\u00fcnf Monaten hatte ich das Gef\u00fchl, richtig angekommen zu sein\u201c, erz\u00e4hlt Kristin. Und auch Jonathan wei\u00df, \u201enur wenn man in einem Land lebt, zur Schule geht und seine Sprache kennt, versteht man es\u201c. Beide sind ehemalige Austauschsch\u00fcler, die mit der gemeinn\u00fctzigen Austauschorganisation AFS Interkulturelle Begegnungen e.V. ein Schuljahr im Ausland verbracht haben.<!--more--><\/p>\n<p>Tourist sein kann man ein Leben lang, aber die M\u00f6glichkeit, in eine Kultur einzutauchen und den Alltag als Teil einer Familie zu erleben, kommt selten. Wer sie bereits w\u00e4hrend der Schulzeit ergreift, ist klar im Vorteil. Die Sch\u00fcler entdecken die Welt und dabei sich selbst, sie lernen Selbstst\u00e4ndigkeit und Toleranz und stellen wichtige Weichen f\u00fcr die Zukunft. Denn Fremdsprachen, interkulturelle Kompetenz und Organisationstalent sind heute unverzichtbar f\u00fcr ein erfolgreiches Berufsleben.<\/p>\n<p>Sch\u00fcler, die im Urlaub neugierig auf die Welt geworden sind und Gewohntes gegen ein bisschen Abwechslung eintauschen m\u00f6chten, sind genau richtig bei AFS. Vom 1. September bis zum 31. Oktober k\u00f6nnen sich interessierte Jugendliche f\u00fcr einen Schulbesuch im Ausland bewerben. Zur Auswahl stehen Programme in rund 50 L\u00e4ndern, die im Sommer 2013 beginnen. Alle Informationen zu den Sch\u00fclerprogrammen, zu Stipendienm\u00f6glichkeiten und zur Bewerbung gibt es unter 040 399222-0 oder <a href=\"http:\/\/www.afs.de\/\">www.afs.de\/<\/a>schueler.<\/p>\n<p><strong>\u00dcbrigens:<\/strong> Ein Tapetenwechsel ist mit AFS auch im eigenen Zuhause m\u00f6glich. Getreu dem Motto \u00e2\u20ac\u0161Mein Haus ist Dein Haus\u00e2\u20ac\u02dc k\u00f6nnen Familien, Alleinerziehende und auch Paare ohne Kinder die Welt in vertrauter Umgebung entdecken. \u201eDank unserer Gastkinder ist unser Leben sehr viel bunter und reicher geworden\u201c, schw\u00e4rmt die mehrfache AFS-Gastmutter Christine. Wer einem Jugendlichen aus einem fremdem Land die T\u00fcr \u00f6ffnet, l\u00e4sst frischen Wind in das Familienleben und unterst\u00fctzt einen jungen Menschen in seiner Entwicklung. Auch f\u00fcr Sch\u00fcler, die ihre Austauscherfahrung noch vor sich haben, kann ein Geschwisterkind aus dem Ausland die Vorbereitung auf das eigene Abenteuer erleichtern. Mehr Informationen finden Interessierte unter <a href=\"http:\/\/www.afs.de\/gastfamilie\" target=\"_blank\">www.afs.de\/gastfamilie<\/a>.<\/p>\n<p><strong>\u00dcber AFS Interkulturelle Begegnungen e.V.<\/strong><\/p>\n<p>Die deutsche L\u00e4nderorganisation f\u00fcr Jugendaustausch und interkulturelles Lernen ist Teil des weltweiten AFS-Netzwerks mit mehr als 60 gleichberechtigten Partnern in 50 L\u00e4ndern. Der Verein arbeitet gemeinn\u00fctzig und ist Tr\u00e4ger der freien Jugendhilfe. Die Zentrale sowie ein Regionalb\u00fcro haben ihren Sitz in Hamburg; weitere Regionalb\u00fcros gibt es in Berlin, Wiesbaden und Stuttgart. Ziel von AFS ist es, die Entwicklung von interkulturellen Kompetenzen zu f\u00f6rdern und so die weltweite V\u00f6lkerverst\u00e4ndigung zu verbessern. Neben dem Sch\u00fcleraustausch und dem Gastfamilienprogramm bietet AFS die Teilnahme an Freiwilligendiensten im sozialen, kulturellen und \u00f6kologischen Bereich sowie interkulturelle Trainingsma\u00dfnahmen an. Der Verein finanziert sich aus den Teilnahme- und Vereinsbeitr\u00e4gen, durch Spenden, Stiftungsmittel und \u00f6ffentliche Gelder. Mit der 2012 gegr\u00fcndeten Tochter InterCultur gGmbH baut AFS seine interkulturellen Trainings- und Beratungsangebote f\u00fcr Mitarbeiter internationaler Teams, Teilnehmer von Kulturaustauschprojekten sowie Lehrer weiter aus.<\/p>\n","protected":false},"excerpt":{"rendered":"<div class=\"tmnf_excerpt\"><p>Wiesbaden. Wenn es am sch\u00f6nsten ist, vergeht die Zeit wie im Flug \u00e2\u20ac\u2019 dieses Gef\u00fchl kennt jeder, der schon einmal Urlaub gemacht hat. Die vielen Eindr\u00fccke der neuen Umgebung, das Klima und die exotischen Speisen wirken \u00fcberw\u00e4ltigend, machen aber vor allem neugierig und Lust auf mehr. Um ein Land mit all seinen Facetten zu verstehen, &hellip;<\/p>\n<\/div>","protected":false},"author":1,"featured_media":0,"comment_status":"closed","ping_status":"closed","sticky":false,"template":"","format":"standard","meta":{"footnotes":""},"categories":[1,53],"tags":[],"class_list":["post-100687","post","type-post","status-publish","format-standard","hentry","category-startseite","category-bildung"],"_links":{"self":[{"href":"https:\/\/www.fuldaernachrichten.de\/index.php?rest_route=\/wp\/v2\/posts\/100687","targetHints":{"allow":["GET"]}}],"collection":[{"href":"https:\/\/www.fuldaernachrichten.de\/index.php?rest_route=\/wp\/v2\/posts"}],"about":[{"href":"https:\/\/www.fuldaernachrichten.de\/index.php?rest_route=\/wp\/v2\/types\/post"}],"author":[{"embeddable":true,"href":"https:\/\/www.fuldaernachrichten.de\/index.php?rest_route=\/wp\/v2\/users\/1"}],"replies":[{"embeddable":true,"href":"https:\/\/www.fuldaernachrichten.de\/index.php?rest_route=%2Fwp%2Fv2%2Fcomments&post=100687"}],"version-history":[{"count":0,"href":"https:\/\/www.fuldaernachrichten.de\/index.php?rest_route=\/wp\/v2\/posts\/100687\/revisions"}],"wp:attachment":[{"href":"https:\/\/www.fuldaernachrichten.de\/index.php?rest_route=%2Fwp%2Fv2%2Fmedia&parent=100687"}],"wp:term":[{"taxonomy":"category","embeddable":true,"href":"https:\/\/www.fuldaernachrichten.de\/index.php?rest_route=%2Fwp%2Fv2%2Fcategories&post=100687"},{"taxonomy":"post_tag","embeddable":true,"href":"https:\/\/www.fuldaernachrichten.de\/index.php?rest_route=%2Fwp%2Fv2%2Ftags&post=100687"}],"curies":[{"name":"wp","href":"https:\/\/api.w.org\/{rel}","templated":true}]}}