{"id":100684,"date":"2012-08-05T00:08:56","date_gmt":"2012-08-05T00:08:56","guid":{"rendered":"http:\/\/www.fuldaer-nachrichten.de\/?p=100684"},"modified":"2012-08-05T09:37:09","modified_gmt":"2012-08-05T09:37:09","slug":"sommernachtsklange-in-ruckers-mit-der-brass-band-ludweiler-und-trachtenkapelle-elters","status":"publish","type":"post","link":"https:\/\/www.fuldaernachrichten.de\/?p=100684","title":{"rendered":"&#8220;Sommernachtskl\u00e4nge&#8221; in R\u00fcckers mit der Brass-Band Ludweiler und Trachtenkapelle Elters"},"content":{"rendered":"<p><a href=\"http:\/\/www.fuldaer-nachrichten.de\/wp-content\/uploads\/2012\/08\/elters.jpg\"><img fetchpriority=\"high\" decoding=\"async\" class=\"alignnone size-full wp-image-100685\" title=\"elters\" src=\"http:\/\/www.fuldaer-nachrichten.de\/wp-content\/uploads\/2012\/08\/elters.jpg\" alt=\"\" width=\"560\" height=\"360\" \/><\/a><\/p>\n<p>Flieden-R\u00fcckers. Zum zweiten Mal werden am Samstag, dem 11. August 2012, in Flieden-R\u00fcckers &#8220;Sommernachtskl\u00e4nge am Musikpavillon&#8221; erklingen. Der DRK Spielmanns- und Fanfarenzug R\u00fcckers l\u00e4dt zu einer Open-Air-Veranstaltung mit der Brass-Band Ludweiler und der Trachtenkapelle Elters\/Rh\u00f6n ein.<\/p>\n<p>Auf dem Veranstaltungsgel\u00e4nde am Dorfgemeinschaftshaus wird sich ab 19:30 Uhr zun\u00e4chst die Brass-Band Ludweiler pr\u00e4sentieren. Sie ist einer der wichtigsten musikalischen Vertreter der Stadt V\u00f6lklingen und des Stadtverbandes Saarbr\u00fccken. Die 50 Musiker sind nicht nur in ganz Deutschland, sondern auch in Frankreich, Luxemburg, Belgien und den Niederlande unterwegs. 87 erste Pl\u00e4tze, sowie mehrere Landesmeister- und Europapokaltitel zeugen von der hervorragenden musikalischen Qualit\u00e4t dieses Klangk\u00f6rpers. Als Meistercorps des Deutschen Blasmusikverbandes und Deutscher Junioren Meister 2012 zeigen die G\u00e4ste aus dem Saarland Blasmusik vom Feinsten.<\/p>\n<p>Dies gilt auch f\u00fcr die Trachtenkapelle Elters, die in R\u00fcckers durch ihren Auftritt bei der 850-Jahrfeier bekannt ist. Die Musikanten aus der Rh\u00f6n konnten schon viermal beim ZDF-Sonntagskonzert auftreten. Dazu kommen zahlreiche Auslandsauftritte u. a. in Brasilien, den USA, \u00c4gypten, Spanien und Ungarn. Neben ihren musikalischen Qualit\u00e4ten beeindrucken die Elterser durch ihre Tracht, die auf einer Bauerntracht aus der Mitte des 19. Jahrhunderts basiert.<\/p>\n<p>Bei angenehmer Atmosph\u00e4re werden diverse ausgefallene Getr\u00e4nke und kulinarische Schmakerl\u00c2\u00a0 angeboten, die den sommerlichen Abend in R\u00fcckers abrunden. Sollte die Witterung nicht mitspielen wird die Veranstaltung in das Dorfgemeinschaftshaus verlegt. Der Eintritt zu diesem gem\u00fctlichen Konzertabend ist frei! Weitere Bilder und Informationen gibt es unter <a href=\"http:\/\/www.rueckers.eu\">www.rueckers.eu<\/a>.<\/p>\n","protected":false},"excerpt":{"rendered":"<div class=\"tmnf_excerpt\"><p>Flieden-R\u00fcckers. Zum zweiten Mal werden am Samstag, dem 11. August 2012, in Flieden-R\u00fcckers &#8220;Sommernachtskl\u00e4nge am Musikpavillon&#8221; erklingen. Der DRK Spielmanns- und Fanfarenzug R\u00fcckers l\u00e4dt zu einer Open-Air-Veranstaltung mit der Brass-Band Ludweiler und der Trachtenkapelle Elters\/Rh\u00f6n ein. Auf dem Veranstaltungsgel\u00e4nde am Dorfgemeinschaftshaus wird sich ab 19:30 Uhr zun\u00e4chst die Brass-Band Ludweiler pr\u00e4sentieren. Sie ist einer der &hellip;<\/p>\n<\/div>","protected":false},"author":1,"featured_media":0,"comment_status":"closed","ping_status":"closed","sticky":false,"template":"","format":"standard","meta":{"footnotes":""},"categories":[1,44,78],"tags":[],"class_list":["post-100684","post","type-post","status-publish","format-standard","hentry","category-startseite","category-kultur","category-topthema"],"_links":{"self":[{"href":"https:\/\/www.fuldaernachrichten.de\/index.php?rest_route=\/wp\/v2\/posts\/100684","targetHints":{"allow":["GET"]}}],"collection":[{"href":"https:\/\/www.fuldaernachrichten.de\/index.php?rest_route=\/wp\/v2\/posts"}],"about":[{"href":"https:\/\/www.fuldaernachrichten.de\/index.php?rest_route=\/wp\/v2\/types\/post"}],"author":[{"embeddable":true,"href":"https:\/\/www.fuldaernachrichten.de\/index.php?rest_route=\/wp\/v2\/users\/1"}],"replies":[{"embeddable":true,"href":"https:\/\/www.fuldaernachrichten.de\/index.php?rest_route=%2Fwp%2Fv2%2Fcomments&post=100684"}],"version-history":[{"count":0,"href":"https:\/\/www.fuldaernachrichten.de\/index.php?rest_route=\/wp\/v2\/posts\/100684\/revisions"}],"wp:attachment":[{"href":"https:\/\/www.fuldaernachrichten.de\/index.php?rest_route=%2Fwp%2Fv2%2Fmedia&parent=100684"}],"wp:term":[{"taxonomy":"category","embeddable":true,"href":"https:\/\/www.fuldaernachrichten.de\/index.php?rest_route=%2Fwp%2Fv2%2Fcategories&post=100684"},{"taxonomy":"post_tag","embeddable":true,"href":"https:\/\/www.fuldaernachrichten.de\/index.php?rest_route=%2Fwp%2Fv2%2Ftags&post=100684"}],"curies":[{"name":"wp","href":"https:\/\/api.w.org\/{rel}","templated":true}]}}