{"id":100679,"date":"2012-08-05T00:14:14","date_gmt":"2012-08-05T00:14:14","guid":{"rendered":"http:\/\/www.fuldaer-nachrichten.de\/?p=100679"},"modified":"2012-08-05T09:37:40","modified_gmt":"2012-08-05T09:37:40","slug":"15-auszubildende-starten-bei-der-job-ag","status":"publish","type":"post","link":"https:\/\/www.fuldaernachrichten.de\/?p=100679","title":{"rendered":"15 Azubis starten bei der JOB AG"},"content":{"rendered":"<p><a href=\"http:\/\/www.fuldaer-nachrichten.de\/wp-content\/uploads\/2012\/08\/Azubis_2012.jpg\"><img fetchpriority=\"high\" decoding=\"async\" class=\"alignleft size-thumbnail wp-image-100680\" title=\"Azubis_2012\" src=\"http:\/\/www.fuldaer-nachrichten.de\/wp-content\/uploads\/2012\/08\/Azubis_2012-265x317.jpg\" alt=\"\" width=\"265\" height=\"317\" srcset=\"https:\/\/www.fuldaernachrichten.de\/wp-content\/uploads\/2012\/08\/Azubis_2012-265x317.jpg 265w, https:\/\/www.fuldaernachrichten.de\/wp-content\/uploads\/2012\/08\/Azubis_2012-221x265.jpg 221w, https:\/\/www.fuldaernachrichten.de\/wp-content\/uploads\/2012\/08\/Azubis_2012-501x600.jpg 501w, https:\/\/www.fuldaernachrichten.de\/wp-content\/uploads\/2012\/08\/Azubis_2012.jpg 600w\" sizes=\"(max-width: 265px) 100vw, 265px\" \/><\/a>Fulda. Die JOB AG setzt auf Ausbildung: Zum 1. August 2012 hat der Spezialist im Personal Management f\u00fcr Unternehmen und Job Management f\u00fcr Bewerber 15 jungen Leuten und Schulabg\u00e4ngern den Einstieg in das Berufsleben erm\u00f6glicht. Zum Selbstverst\u00e4ndnis der JOB AG, mit Hauptsitz in Fulda und 72 Niederlassungen bundesweit, geh\u00f6rt es seit jeher, in die Aus- und Weiterbildung der Mitarbeiter zu investieren. \u201eWir erm\u00f6glichen Schulabg\u00e4ngern durch eine solide Ausbildung einen erfolgreichen Berufseinstieg innerhalb einer Zukunftsbranche. F\u00fcr unser dynamisches Wachstum sind wir auf Mitarbeiter mit entsprechendem Fachwissen angewiesen\u201c, so JOB AG Vorstand Stefan Polak.<!--more--><\/p>\n<p>Die \u00fcberwiegende Zahl der jungen Leute absolviert eine Ausbildung zur\/zum Personaldienstleistungskauffrau\/-mann. Zu den Inhalten dieses zukunftsweisenden Ausbildungsweges z\u00e4hlen u. a. die Kunden- und Personalgewinnung sowie die Personaleinsatzplanung. Dar\u00fcber hinaus bildet die JOB AG zur\/zum B\u00fcrokauffrau\/-mann aus. Die Auszubildenden werden w\u00e4hrend ihrer dreij\u00e4hrigen Ausbildung intensiv in Organisations- und Verwaltungsaufgaben eingebunden und erhalten damit einen umfassenden Einblick in die kaufm\u00e4nnischen Prozesse.<\/p>\n<p>Ferner bietet die JOB AG auch dieses Jahr drei Mitarbeitern die M\u00f6glichkeit eines BA-Studiums in dem Bereich Dienstleistungsmanagement. \u201eWir freuen uns sehr, dass die drei Kolleginnen und Kollegen, die bereits ihre Ausbildung bei der JOB AG abgeschlossen haben, ihren beruflichen Weg weiter mit der JOB AG gestalten und sich zu zuk\u00fcnftigen Fach- und F\u00fchrungskr\u00e4ften entwickeln\u201c, erg\u00e4nzt Stefan Polak. Das dreij\u00e4hrige Studium zum \u201eBachelor of Arts\u201c (BA) f\u00fchrt die JOB AG zusammen mit der Dualen Hochschule Baden-W\u00fcrttemberg am Campus Heilbronn durch. Damit haben junge Talente die M\u00f6glichkeit jeweils im Wechsel von drei Monaten Theorie in der Hochschule und Praxis im Unternehmen zu verbinden und gleichzeitig ihr eigenes Einkommen zu verdienen.<\/p>\n<p>Insgesamt besch\u00e4ftigt das Personaldienstleistungsunternehmen derzeit bundesweit an 72 Standorten 58 Auszubildende und BA-Studenten.<\/p>\n","protected":false},"excerpt":{"rendered":"<div class=\"tmnf_excerpt\"><p>Fulda. Die JOB AG setzt auf Ausbildung: Zum 1. August 2012 hat der Spezialist im Personal Management f\u00fcr Unternehmen und Job Management f\u00fcr Bewerber 15 jungen Leuten und Schulabg\u00e4ngern den Einstieg in das Berufsleben erm\u00f6glicht. Zum Selbstverst\u00e4ndnis der JOB AG, mit Hauptsitz in Fulda und 72 Niederlassungen bundesweit, geh\u00f6rt es seit jeher, in die Aus- &hellip;<\/p>\n<\/div>","protected":false},"author":1,"featured_media":0,"comment_status":"closed","ping_status":"closed","sticky":false,"template":"","format":"standard","meta":{"footnotes":""},"categories":[1,53],"tags":[],"class_list":["post-100679","post","type-post","status-publish","format-standard","hentry","category-startseite","category-bildung"],"_links":{"self":[{"href":"https:\/\/www.fuldaernachrichten.de\/index.php?rest_route=\/wp\/v2\/posts\/100679","targetHints":{"allow":["GET"]}}],"collection":[{"href":"https:\/\/www.fuldaernachrichten.de\/index.php?rest_route=\/wp\/v2\/posts"}],"about":[{"href":"https:\/\/www.fuldaernachrichten.de\/index.php?rest_route=\/wp\/v2\/types\/post"}],"author":[{"embeddable":true,"href":"https:\/\/www.fuldaernachrichten.de\/index.php?rest_route=\/wp\/v2\/users\/1"}],"replies":[{"embeddable":true,"href":"https:\/\/www.fuldaernachrichten.de\/index.php?rest_route=%2Fwp%2Fv2%2Fcomments&post=100679"}],"version-history":[{"count":1,"href":"https:\/\/www.fuldaernachrichten.de\/index.php?rest_route=\/wp\/v2\/posts\/100679\/revisions"}],"predecessor-version":[{"id":100686,"href":"https:\/\/www.fuldaernachrichten.de\/index.php?rest_route=\/wp\/v2\/posts\/100679\/revisions\/100686"}],"wp:attachment":[{"href":"https:\/\/www.fuldaernachrichten.de\/index.php?rest_route=%2Fwp%2Fv2%2Fmedia&parent=100679"}],"wp:term":[{"taxonomy":"category","embeddable":true,"href":"https:\/\/www.fuldaernachrichten.de\/index.php?rest_route=%2Fwp%2Fv2%2Fcategories&post=100679"},{"taxonomy":"post_tag","embeddable":true,"href":"https:\/\/www.fuldaernachrichten.de\/index.php?rest_route=%2Fwp%2Fv2%2Ftags&post=100679"}],"curies":[{"name":"wp","href":"https:\/\/api.w.org\/{rel}","templated":true}]}}