{"id":100677,"date":"2012-08-05T00:09:36","date_gmt":"2012-08-05T00:09:36","guid":{"rendered":"http:\/\/www.fuldaer-nachrichten.de\/?p=100677"},"modified":"2012-08-05T09:20:58","modified_gmt":"2012-08-05T09:20:58","slug":"verfolgte-christen-weltweit-fachtagung-im-bonifatiushaus","status":"publish","type":"post","link":"https:\/\/www.fuldaernachrichten.de\/?p=100677","title":{"rendered":"Verfolgte Christen weltweit \u2013 Fachtagung im Bonifatiushaus"},"content":{"rendered":"<p><strong>Fulda<\/strong> (bpf). Eine Fachtagung befasst sich am Samstag, 1. September, von 10 bis 16 Uhr im Fuldaer Bonifatiushaus mit dem Thema \u201eVerfolgte Christen weltweit und in ausgew\u00e4hlten L\u00e4ndern\u201c. 100 bis 200 Millionen der weltweit rund zwei Milliarden Christen leiden unter Verfolgung oder Bedr\u00e4ngnis. Als Referenten und Gespr\u00e4chspartner stehen Hartmut Nitsch von der Organisation \u201eOpen Doors\u201c sowie Walter Flick, Jochen Langer und G\u00fcnter Peter von der Internationalen Gesellschaft f\u00fcr Menschenrechte (IGFM) zur Verf\u00fcgung. G\u00fcnter Peter f\u00fchrt in das Thema ein; \u00fcber die Christenverfolgungen in Nordkorea geben Hartmut Nitsch, in Pakistan Walter Flick, in der Volksrepublik China Hartmut Nitsch, \u00fcber die in der T\u00fcrkei Walter Flick, in \u00c4gypten Hartmut Nitsch und im Irak Jochen Langer Auskunft. Den Abschluss bildet eine Andacht mit Gebet f\u00fcr verfolgte Christen. Die Teilnahmekosten inklusive Mittagessen betragen 23 Euro. Anmeldungen nimmt das Bonifatiushaus, Neuenberger Stra\u00dfe 3-5, 36041 Fulda, Tel. 0661\/8398-0, Fax: 0661\/8398-136, E-Mail: <a href=\"mailto:info@bonifatiushaus.de\">info@bonifatiushaus.de<\/a> entgegen<\/p>\n","protected":false},"excerpt":{"rendered":"<div class=\"tmnf_excerpt\"><p>Fulda (bpf). Eine Fachtagung befasst sich am Samstag, 1. September, von 10 bis 16 Uhr im Fuldaer Bonifatiushaus mit dem Thema \u201eVerfolgte Christen weltweit und in ausgew\u00e4hlten L\u00e4ndern\u201c. 100 bis 200 Millionen der weltweit rund zwei Milliarden Christen leiden unter Verfolgung oder Bedr\u00e4ngnis. Als Referenten und Gespr\u00e4chspartner stehen Hartmut Nitsch von der Organisation \u201eOpen Doors\u201c &hellip;<\/p>\n<\/div>","protected":false},"author":1,"featured_media":0,"comment_status":"closed","ping_status":"closed","sticky":false,"template":"","format":"standard","meta":{"footnotes":""},"categories":[1,50],"tags":[],"class_list":["post-100677","post","type-post","status-publish","format-standard","hentry","category-startseite","category-kirche"],"_links":{"self":[{"href":"https:\/\/www.fuldaernachrichten.de\/index.php?rest_route=\/wp\/v2\/posts\/100677","targetHints":{"allow":["GET"]}}],"collection":[{"href":"https:\/\/www.fuldaernachrichten.de\/index.php?rest_route=\/wp\/v2\/posts"}],"about":[{"href":"https:\/\/www.fuldaernachrichten.de\/index.php?rest_route=\/wp\/v2\/types\/post"}],"author":[{"embeddable":true,"href":"https:\/\/www.fuldaernachrichten.de\/index.php?rest_route=\/wp\/v2\/users\/1"}],"replies":[{"embeddable":true,"href":"https:\/\/www.fuldaernachrichten.de\/index.php?rest_route=%2Fwp%2Fv2%2Fcomments&post=100677"}],"version-history":[{"count":0,"href":"https:\/\/www.fuldaernachrichten.de\/index.php?rest_route=\/wp\/v2\/posts\/100677\/revisions"}],"wp:attachment":[{"href":"https:\/\/www.fuldaernachrichten.de\/index.php?rest_route=%2Fwp%2Fv2%2Fmedia&parent=100677"}],"wp:term":[{"taxonomy":"category","embeddable":true,"href":"https:\/\/www.fuldaernachrichten.de\/index.php?rest_route=%2Fwp%2Fv2%2Fcategories&post=100677"},{"taxonomy":"post_tag","embeddable":true,"href":"https:\/\/www.fuldaernachrichten.de\/index.php?rest_route=%2Fwp%2Fv2%2Ftags&post=100677"}],"curies":[{"name":"wp","href":"https:\/\/api.w.org\/{rel}","templated":true}]}}