{"id":100669,"date":"2012-08-04T00:12:33","date_gmt":"2012-08-04T00:12:33","guid":{"rendered":"http:\/\/www.fuldaer-nachrichten.de\/?p=100669"},"modified":"2012-08-04T07:08:53","modified_gmt":"2012-08-04T07:08:53","slug":"ds-smith-packagings-next-super-azubis","status":"publish","type":"post","link":"https:\/\/www.fuldaernachrichten.de\/?p=100669","title":{"rendered":"DS Smith Packaging\u00e2\u20ac\u02dcs next Super-Azubis"},"content":{"rendered":"<p><a href=\"http:\/\/www.fuldaer-nachrichten.de\/wp-content\/uploads\/2012\/08\/DS-Smith-Packaging-Azubi-Welcome-Day.jpg\"><img fetchpriority=\"high\" decoding=\"async\" class=\"alignleft size-thumbnail wp-image-100670\" title=\"DS Smith Packaging Azubi Welcome Day\" src=\"http:\/\/www.fuldaer-nachrichten.de\/wp-content\/uploads\/2012\/08\/DS-Smith-Packaging-Azubi-Welcome-Day-265x190.jpg\" alt=\"\" width=\"265\" height=\"190\" srcset=\"https:\/\/www.fuldaernachrichten.de\/wp-content\/uploads\/2012\/08\/DS-Smith-Packaging-Azubi-Welcome-Day-265x190.jpg 265w, https:\/\/www.fuldaernachrichten.de\/wp-content\/uploads\/2012\/08\/DS-Smith-Packaging-Azubi-Welcome-Day.jpg 600w\" sizes=\"(max-width: 265px) 100vw, 265px\" \/><\/a>Fulda. F\u00fcr SCA Packaging, das seit dem 1. Juli 2012 zur DS Smith Gruppe geh\u00f6rt, ist Ausbildung ein zentrales und wichtiges Thema. So begr\u00fc\u00dfte der Standort Fulda beim Azubi Welcome Day am 1. August zehn neue Auszubildende. \u201eJedem Anfang wohnt ein Zauber inne\u201c, mit den Worten von Hermann Hesse begr\u00fc\u00dfte Eva-Maria Deisenroth, Personalreferentin und Ausbildungsverantwortliche bei SCA Packaging Fulda, zusammen mit der Gesch\u00e4ftsleitung und dem Betriebsrat die neuen Auszubildenden mit ihren Eltern zum diesj\u00e4hrigen<strong> Azubi Welcome Day<\/strong>. Im Rahmen der Veranstaltung lernten die neuen Auszubildenden mit ihren Familien ihre k\u00fcnftige Arbeitsstelle kennen. \u201eDer Kontakt mit der Familie und die Beziehung unter den Auszubildenden ist uns sehr wichtig\u201c, sagt Eva-Maria Deisenroth.<!--more--><\/p>\n<p>Unter dem Motto \u201eDS Smith Packaging sucht die Super-Azubis\u201c erfolgte zun\u00e4chst ein \u201eCasting\u201c auf dem Wellpappsofa am damaligen SCA Packaging-Stand auf der Bildungsmesse im Februar. Wer darin eine Runde weiter kam, konnte sich im \u201eRecall\u201c im Assessment Center beweisen und schlie\u00dflich nach einem erfolgreichen Finale im Vorstellungsgespr\u00e4ch \u00fcber einen Ausbildungsplatz bei dem Hersteller von Verpackungen und Displays aus hochveredelter Wellpappe freuen. Am 1. August 2012 begr\u00fc\u00dfte das Unternehmen seine \u201eSuper-Azubis\u201c im Rahmen des Azubi Welcome Day<strong> <\/strong>in Fulda:<\/p>\n<p><strong>Luca Elm und Anna Maria D\u00f6rr, <\/strong>welche ihre Ausbildung als Industriekaufleute beginnen; <strong>\u00c2\u00a0Joshua Nieves und Arthur Krampez, <\/strong>die sich f\u00fcr eine Ausbildung zum Packmitteltechnologen entschieden haben und<strong> Valentin Dukart<\/strong>, der den Beruf Medientechnologen Druck erlernen wird<strong>. <\/strong><\/p>\n<p>Mit einem Studium zum Bachelor of Arts, Fachrichtung Industrie, stellt <strong>Lukas Be\u00dfler<\/strong> die Weichen f\u00fcr seine Zukunft. <strong>Lisa Dorst<\/strong> wird das Studium zum Bachelor of Arts, Fachrichtung International Business Administration, aufnehmen. <strong>Lena M\u00fcller <\/strong>wird ein Studium zum Internationalen Technischen Vertriebsmanagement beginnen.<\/p>\n<p>Zum ersten Mal bilden wir in Kooperation mit dem SCA Packaging IT Headoffice Mannheim<strong> Tobias Marek<\/strong> zum Fachinformatiker aus. Au\u00dferdem wird <strong>Marcel Kolbus <\/strong>sein Duales Studium zum Wirtschaftsinformatiker antreten. Abgeschlossen wurde der erste gemeinsame Tag mit einem Foto auf dem Wellpappsofa.<\/p>\n","protected":false},"excerpt":{"rendered":"<div class=\"tmnf_excerpt\"><p>Fulda. F\u00fcr SCA Packaging, das seit dem 1. Juli 2012 zur DS Smith Gruppe geh\u00f6rt, ist Ausbildung ein zentrales und wichtiges Thema. So begr\u00fc\u00dfte der Standort Fulda beim Azubi Welcome Day am 1. August zehn neue Auszubildende. \u201eJedem Anfang wohnt ein Zauber inne\u201c, mit den Worten von Hermann Hesse begr\u00fc\u00dfte Eva-Maria Deisenroth, Personalreferentin und Ausbildungsverantwortliche &hellip;<\/p>\n<\/div>","protected":false},"author":1,"featured_media":0,"comment_status":"closed","ping_status":"closed","sticky":false,"template":"","format":"standard","meta":{"footnotes":""},"categories":[1,53],"tags":[],"class_list":["post-100669","post","type-post","status-publish","format-standard","hentry","category-startseite","category-bildung"],"_links":{"self":[{"href":"https:\/\/www.fuldaernachrichten.de\/index.php?rest_route=\/wp\/v2\/posts\/100669","targetHints":{"allow":["GET"]}}],"collection":[{"href":"https:\/\/www.fuldaernachrichten.de\/index.php?rest_route=\/wp\/v2\/posts"}],"about":[{"href":"https:\/\/www.fuldaernachrichten.de\/index.php?rest_route=\/wp\/v2\/types\/post"}],"author":[{"embeddable":true,"href":"https:\/\/www.fuldaernachrichten.de\/index.php?rest_route=\/wp\/v2\/users\/1"}],"replies":[{"embeddable":true,"href":"https:\/\/www.fuldaernachrichten.de\/index.php?rest_route=%2Fwp%2Fv2%2Fcomments&post=100669"}],"version-history":[{"count":0,"href":"https:\/\/www.fuldaernachrichten.de\/index.php?rest_route=\/wp\/v2\/posts\/100669\/revisions"}],"wp:attachment":[{"href":"https:\/\/www.fuldaernachrichten.de\/index.php?rest_route=%2Fwp%2Fv2%2Fmedia&parent=100669"}],"wp:term":[{"taxonomy":"category","embeddable":true,"href":"https:\/\/www.fuldaernachrichten.de\/index.php?rest_route=%2Fwp%2Fv2%2Fcategories&post=100669"},{"taxonomy":"post_tag","embeddable":true,"href":"https:\/\/www.fuldaernachrichten.de\/index.php?rest_route=%2Fwp%2Fv2%2Ftags&post=100669"}],"curies":[{"name":"wp","href":"https:\/\/api.w.org\/{rel}","templated":true}]}}