{"id":100668,"date":"2012-08-04T00:10:21","date_gmt":"2012-08-04T00:10:21","guid":{"rendered":"http:\/\/www.fuldaer-nachrichten.de\/?p=100668"},"modified":"2012-08-04T07:06:15","modified_gmt":"2012-08-04T07:06:15","slug":"jurgen-lenders-fdp-schulen-fit-fur-das-neue-schuljahr","status":"publish","type":"post","link":"https:\/\/www.fuldaernachrichten.de\/?p=100668","title":{"rendered":"J\u00fcrgen Lenders (FDP): Schulen fit f\u00fcr das neue Schuljahr"},"content":{"rendered":"<p>Fulda. J\u00fcrgen Lenders, FDP-Landtagsabgeordneter aus Fulda, sieht die Zukunft der Schulen in Hessen und im Kreis Fulda positiv. \u201eBildungspolitik liegt uns Liberalen im Hessischen Landtag besonders am Herzen. Seit Beginn der Legislatur hat das Kultusministerium daran gearbeitet die Qualit\u00e4t an den Schulen zu verbessern\u201c, so Lenders. Von zentraler Bedeutung sei dabei die Verbesserung der Lehrerversorgung und die Umsetzung der versprochenen 2500 zus\u00e4tzlichen Lehrerstellen in Hessen. <!--more--><\/p>\n<p>\u201eVon diesen Anstrengungen werden auch die Schulen im Kreis Fulda im neuen Schuljahr sp\u00fcrbar profitieren\u201c, erkl\u00e4rte Lenders. Die Schulen im Kreis erhalten nach jetziger Planung insgesamt 1.762 Lehrerstellen. Das sind 49 Stellen mehr im Schuljahr 2008\/2009. \u201eJedes Jahr kamen bisher einige Stellen dazu und das Ziel ist es diese Entwicklung kontinuierlich fortzusetzen\u201c, so Lenders weiter.<\/p>\n<p>Ferner erkl\u00e4rte Lenders: \u201eDamit haben wir eine Lehrerversorgung von deutlich \u00fcber 100%, die sich weiter verbessert. Das nutzt den Schulen und der Unterrichtsqualit\u00e4t, letztlich also allen Sch\u00fclern.\u201c<\/p>\n<p>Dar\u00fcber hinaus wurde seit 2009 die Ganztagsbetreuung in Hessen kontinuierlich ausgebaut. Hier haben wir insgesamt \u00fcber 300 Stellen mehr im Vergleich zum Schuljahr 2009\/10. Im kommenden Schuljahr werden 62 Schulen erstmals ein Ganztagsangebot anbieten. 82 Schulen weiten ihr Angebot aus. Daf\u00fcr wird das Land 115 zus\u00e4tzliche Lehrerstellen bereitstellen. \u201eWir haben dann bereits an fast 50% der hessischen Schulen ein Ganztagsangebot\u201c, so Lenders.<\/p>\n<p>\u201eAllen Sch\u00fclern und besonders unseren Schulanf\u00e4ngern w\u00fcnsche ich einen erfolgreichen Start in das neue Schuljahr und bis dahin noch eine sch\u00f6ne Ferienzeit.\u201c, so Lenders abschlie\u00dfend.<\/p>\n<p>&nbsp;<\/p>\n","protected":false},"excerpt":{"rendered":"<div class=\"tmnf_excerpt\"><p>Fulda. J\u00fcrgen Lenders, FDP-Landtagsabgeordneter aus Fulda, sieht die Zukunft der Schulen in Hessen und im Kreis Fulda positiv. \u201eBildungspolitik liegt uns Liberalen im Hessischen Landtag besonders am Herzen. Seit Beginn der Legislatur hat das Kultusministerium daran gearbeitet die Qualit\u00e4t an den Schulen zu verbessern\u201c, so Lenders. Von zentraler Bedeutung sei dabei die Verbesserung der Lehrerversorgung &hellip;<\/p>\n<\/div>","protected":false},"author":1,"featured_media":0,"comment_status":"closed","ping_status":"closed","sticky":false,"template":"","format":"standard","meta":{"footnotes":""},"categories":[1,53,29],"tags":[],"class_list":["post-100668","post","type-post","status-publish","format-standard","hentry","category-startseite","category-bildung","category-politik"],"_links":{"self":[{"href":"https:\/\/www.fuldaernachrichten.de\/index.php?rest_route=\/wp\/v2\/posts\/100668","targetHints":{"allow":["GET"]}}],"collection":[{"href":"https:\/\/www.fuldaernachrichten.de\/index.php?rest_route=\/wp\/v2\/posts"}],"about":[{"href":"https:\/\/www.fuldaernachrichten.de\/index.php?rest_route=\/wp\/v2\/types\/post"}],"author":[{"embeddable":true,"href":"https:\/\/www.fuldaernachrichten.de\/index.php?rest_route=\/wp\/v2\/users\/1"}],"replies":[{"embeddable":true,"href":"https:\/\/www.fuldaernachrichten.de\/index.php?rest_route=%2Fwp%2Fv2%2Fcomments&post=100668"}],"version-history":[{"count":0,"href":"https:\/\/www.fuldaernachrichten.de\/index.php?rest_route=\/wp\/v2\/posts\/100668\/revisions"}],"wp:attachment":[{"href":"https:\/\/www.fuldaernachrichten.de\/index.php?rest_route=%2Fwp%2Fv2%2Fmedia&parent=100668"}],"wp:term":[{"taxonomy":"category","embeddable":true,"href":"https:\/\/www.fuldaernachrichten.de\/index.php?rest_route=%2Fwp%2Fv2%2Fcategories&post=100668"},{"taxonomy":"post_tag","embeddable":true,"href":"https:\/\/www.fuldaernachrichten.de\/index.php?rest_route=%2Fwp%2Fv2%2Ftags&post=100668"}],"curies":[{"name":"wp","href":"https:\/\/api.w.org\/{rel}","templated":true}]}}