{"id":100664,"date":"2012-08-03T00:25:44","date_gmt":"2012-08-03T00:25:44","guid":{"rendered":"http:\/\/www.fuldaer-nachrichten.de\/?p=100664"},"modified":"2012-08-03T07:32:26","modified_gmt":"2012-08-03T07:32:26","slug":"fusballturnier-fur-kinder-und-jugendliche-fulda-kickt-im-stadion","status":"publish","type":"post","link":"https:\/\/www.fuldaernachrichten.de\/?p=100664","title":{"rendered":"Fu\u00dfballturnier f\u00fcr Kinder und Jugendliche: Fulda kickt im Stadion"},"content":{"rendered":"<p><a href=\"http:\/\/www.fuldaer-nachrichten.de\/wp-content\/uploads\/2012\/08\/120803_Fu\u00dfball_August.jpg\"><img fetchpriority=\"high\" decoding=\"async\" class=\"alignleft size-thumbnail wp-image-100665\" title=\"120803_Fu\u00dfball_August\" src=\"http:\/\/www.fuldaer-nachrichten.de\/wp-content\/uploads\/2012\/08\/120803_Fu\u00dfball_August-265x371.jpg\" alt=\"\" width=\"265\" height=\"371\" \/><\/a>Fulda (cp). Am 08. und 09. August 2012 veranstaltet die Jugendkulturfabrik der Stadt Fulda ein Kleinfeldfu\u00dfballturnier im Johannisau Stadion der Borussia Fulda. Teilnehmen k\u00f6nnen Kinder und Jugendliche im Alter zwischen 10 und 27 Jahren, wobei die Mannschaften in jeweils zwei Altersgruppen (10-14 Jahre sowie 15-27 Jahre) unterteilt werden. Es gibt jede Menge Preise und viele weitere Aktionen. F\u00fcr das leibliche Wohl sorgen diverse Imbiss- und Getr\u00e4nkest\u00e4nde. \u201eEs ist sch\u00f6n, dass auch die Polizei Fulda mit einer Mannschaft antreten wird, so dass die Jugendlichen durch den Sport mit den Polizisten in Kontakt und auch ins Gespr\u00e4ch kommen k\u00f6nnen\u201c, erkl\u00e4rt B\u00fcrgermeister Dr. Wolfgang Dippel, der am 09. August die Siegerehrung durchf\u00fchren wird.<!--more--><\/p>\n<p><strong>Anmeldung<\/strong><\/p>\n<p>Die Mannschaften k\u00f6nnen sich bis Dienstag, 07. August um 18.00 Uhr bei der Jugendkulturfabrik auf Facebook, per Mail unter fabrik@fulda.de oder telefonisch unter Tel. 0661-1021985 anmelden. Das Team der Jugendkulturfabrik freut sich sehr auf viele TeilnehmerInnen und BesucherInnen.<\/p>\n","protected":false},"excerpt":{"rendered":"<div class=\"tmnf_excerpt\"><p>Fulda (cp). Am 08. und 09. August 2012 veranstaltet die Jugendkulturfabrik der Stadt Fulda ein Kleinfeldfu\u00dfballturnier im Johannisau Stadion der Borussia Fulda. Teilnehmen k\u00f6nnen Kinder und Jugendliche im Alter zwischen 10 und 27 Jahren, wobei die Mannschaften in jeweils zwei Altersgruppen (10-14 Jahre sowie 15-27 Jahre) unterteilt werden. Es gibt jede Menge Preise und viele &hellip;<\/p>\n<\/div>","protected":false},"author":1,"featured_media":0,"comment_status":"closed","ping_status":"closed","sticky":false,"template":"","format":"standard","meta":{"footnotes":""},"categories":[1,46],"tags":[],"class_list":["post-100664","post","type-post","status-publish","format-standard","hentry","category-startseite","category-sport"],"_links":{"self":[{"href":"https:\/\/www.fuldaernachrichten.de\/index.php?rest_route=\/wp\/v2\/posts\/100664","targetHints":{"allow":["GET"]}}],"collection":[{"href":"https:\/\/www.fuldaernachrichten.de\/index.php?rest_route=\/wp\/v2\/posts"}],"about":[{"href":"https:\/\/www.fuldaernachrichten.de\/index.php?rest_route=\/wp\/v2\/types\/post"}],"author":[{"embeddable":true,"href":"https:\/\/www.fuldaernachrichten.de\/index.php?rest_route=\/wp\/v2\/users\/1"}],"replies":[{"embeddable":true,"href":"https:\/\/www.fuldaernachrichten.de\/index.php?rest_route=%2Fwp%2Fv2%2Fcomments&post=100664"}],"version-history":[{"count":1,"href":"https:\/\/www.fuldaernachrichten.de\/index.php?rest_route=\/wp\/v2\/posts\/100664\/revisions"}],"predecessor-version":[{"id":100666,"href":"https:\/\/www.fuldaernachrichten.de\/index.php?rest_route=\/wp\/v2\/posts\/100664\/revisions\/100666"}],"wp:attachment":[{"href":"https:\/\/www.fuldaernachrichten.de\/index.php?rest_route=%2Fwp%2Fv2%2Fmedia&parent=100664"}],"wp:term":[{"taxonomy":"category","embeddable":true,"href":"https:\/\/www.fuldaernachrichten.de\/index.php?rest_route=%2Fwp%2Fv2%2Fcategories&post=100664"},{"taxonomy":"post_tag","embeddable":true,"href":"https:\/\/www.fuldaernachrichten.de\/index.php?rest_route=%2Fwp%2Fv2%2Ftags&post=100664"}],"curies":[{"name":"wp","href":"https:\/\/api.w.org\/{rel}","templated":true}]}}