{"id":100652,"date":"2012-08-03T00:10:20","date_gmt":"2012-08-03T00:10:20","guid":{"rendered":"http:\/\/www.fuldaer-nachrichten.de\/?p=100652"},"modified":"2012-08-03T07:15:03","modified_gmt":"2012-08-03T07:15:03","slug":"erster-kreisbeigeordneter-begrust-junge-azubis-im-landratsamt-des-vogelsbergkreises","status":"publish","type":"post","link":"https:\/\/www.fuldaernachrichten.de\/?p=100652","title":{"rendered":"Erster Kreisbeigeordneter begr\u00fc\u00dft junge Azubis im Landratsamt des Vogelsbergkreises"},"content":{"rendered":"<p><a href=\"http:\/\/www.fuldaer-nachrichten.de\/wp-content\/uploads\/2012\/08\/SanderBenderBlochHoyerDoeringZielinski.jpg\"><img fetchpriority=\"high\" decoding=\"async\" class=\"alignleft size-thumbnail wp-image-100653\" title=\"SanderBenderBlochHoyerDoeringZielinski\" src=\"http:\/\/www.fuldaer-nachrichten.de\/wp-content\/uploads\/2012\/08\/SanderBenderBlochHoyerDoeringZielinski-265x209.jpg\" alt=\"\" width=\"265\" height=\"209\" srcset=\"https:\/\/www.fuldaernachrichten.de\/wp-content\/uploads\/2012\/08\/SanderBenderBlochHoyerDoeringZielinski-265x209.jpg 265w, https:\/\/www.fuldaernachrichten.de\/wp-content\/uploads\/2012\/08\/SanderBenderBlochHoyerDoeringZielinski.jpg 600w\" sizes=\"(max-width: 265px) 100vw, 265px\" \/><\/a>Vogelsbergkreis. Drei junge Menschen aus dem Vogelsbergkreis im Alter zwischen 16 und 18 Jahren haben ihre Ausbildung in der Kreisverwaltung begonnen. Ann-Katrin Bender aus Herbstein, Marius D\u00f6ring (Rudingshain) und Vanessa Hoyer, die in Romrod-Zell wohnt, wollen Verwaltungsfachangestellte werden.<\/p>\n<p>Erster Kreisbeigeordneter Peter Zielinski begr\u00fc\u00dfte die neuen Auszubildenden im Lauterbacher Kreishaus und ermunterte sie zu \u201eEngagement, Freude und Offenheit\u201c. Die jungen Leuten k\u00f6nnten sicher sein, im Team der Kreisverwaltung auf freundliche und kompetente Kolleginnen und Kollegen zu treffen, die immer gespr\u00e4chsbereit seien. Das Gleiche gelte f\u00fcr ihn: \u201eMeine T\u00fcr steht immer offen\u201c, hob der neue Vizelandrat hervor.<\/p>\n<p>Die Kreisverwaltung als einer der gr\u00f6\u00dften Arbeitgeber der Region brauche junge motivierte Mitarbeiterinnen und Mitarbeiter. Peter Zielinski, Personalchef Erich Bloch, Ausbildungsleiter Oliver Sander, Personalratsvorsitzender Peter Sukdolak und Frauenbeauftragte Conny Hentz stellten das hohe Ausbildungsniveau der Verwaltung heraus. F\u00fcr Hauptamtsleiter Bloch ist es besonders wichtig, dass sich die jungen Leute \u201evon sich aus interessieren\u201c und offen zu sein.<\/p>\n<p>In der Vogelsberger Kreisverwaltung befinden sich zurzeit 13 junge Leute in Ausbildung, darunter auch ein junger Mann, der IT-Fachangestellter werden will. Wer sich f\u00fcr die Ausbildung im Landratsamt interessiert, kann sich noch bis 24. August bewerben. Berufsbilder: Medizinische Fachangestellte, Verwaltungsfachangestellte. N\u00e4here Informationen bei Oliver Sander, Telefon 06641 \/ 977-3408. Die 18-j\u00e4hrige Ann-Katrin Bender ist im Hauptamt eingesetzt. Der T\u00e4tigkeitsbereich von Marius D\u00f6ring, 16 Jahre, ist das Schulverwaltungsamt. Vanessa Hoyer, 18 Jahre, verst\u00e4rkt das Team der Poststelle, die auch zum Hauptamt geh\u00f6rt.<\/p>\n","protected":false},"excerpt":{"rendered":"<div class=\"tmnf_excerpt\"><p>Vogelsbergkreis. Drei junge Menschen aus dem Vogelsbergkreis im Alter zwischen 16 und 18 Jahren haben ihre Ausbildung in der Kreisverwaltung begonnen. Ann-Katrin Bender aus Herbstein, Marius D\u00f6ring (Rudingshain) und Vanessa Hoyer, die in Romrod-Zell wohnt, wollen Verwaltungsfachangestellte werden. Erster Kreisbeigeordneter Peter Zielinski begr\u00fc\u00dfte die neuen Auszubildenden im Lauterbacher Kreishaus und ermunterte sie zu \u201eEngagement, Freude &hellip;<\/p>\n<\/div>","protected":false},"author":1,"featured_media":0,"comment_status":"closed","ping_status":"closed","sticky":false,"template":"","format":"standard","meta":{"footnotes":""},"categories":[1,53],"tags":[],"class_list":["post-100652","post","type-post","status-publish","format-standard","hentry","category-startseite","category-bildung"],"_links":{"self":[{"href":"https:\/\/www.fuldaernachrichten.de\/index.php?rest_route=\/wp\/v2\/posts\/100652","targetHints":{"allow":["GET"]}}],"collection":[{"href":"https:\/\/www.fuldaernachrichten.de\/index.php?rest_route=\/wp\/v2\/posts"}],"about":[{"href":"https:\/\/www.fuldaernachrichten.de\/index.php?rest_route=\/wp\/v2\/types\/post"}],"author":[{"embeddable":true,"href":"https:\/\/www.fuldaernachrichten.de\/index.php?rest_route=\/wp\/v2\/users\/1"}],"replies":[{"embeddable":true,"href":"https:\/\/www.fuldaernachrichten.de\/index.php?rest_route=%2Fwp%2Fv2%2Fcomments&post=100652"}],"version-history":[{"count":0,"href":"https:\/\/www.fuldaernachrichten.de\/index.php?rest_route=\/wp\/v2\/posts\/100652\/revisions"}],"wp:attachment":[{"href":"https:\/\/www.fuldaernachrichten.de\/index.php?rest_route=%2Fwp%2Fv2%2Fmedia&parent=100652"}],"wp:term":[{"taxonomy":"category","embeddable":true,"href":"https:\/\/www.fuldaernachrichten.de\/index.php?rest_route=%2Fwp%2Fv2%2Fcategories&post=100652"},{"taxonomy":"post_tag","embeddable":true,"href":"https:\/\/www.fuldaernachrichten.de\/index.php?rest_route=%2Fwp%2Fv2%2Ftags&post=100652"}],"curies":[{"name":"wp","href":"https:\/\/api.w.org\/{rel}","templated":true}]}}