{"id":100647,"date":"2012-08-03T00:20:30","date_gmt":"2012-08-03T00:20:30","guid":{"rendered":"http:\/\/www.fuldaer-nachrichten.de\/?p=100647"},"modified":"2012-08-03T07:09:01","modified_gmt":"2012-08-03T07:09:01","slug":"bmw-bikerdays-croatia-2012-vom-28-bis-30-september","status":"publish","type":"post","link":"https:\/\/www.fuldaernachrichten.de\/?p=100647","title":{"rendered":"BMW BikerDays Croatia 2012 vom 28. bis 30. September"},"content":{"rendered":"<p><a href=\"http:\/\/www.fuldaer-nachrichten.de\/wp-content\/uploads\/2012\/08\/BildSWMOTECH.jpg\"><img fetchpriority=\"high\" decoding=\"async\" class=\"alignleft size-thumbnail wp-image-100648\" title=\"BildSWMOTECH\" src=\"http:\/\/www.fuldaer-nachrichten.de\/wp-content\/uploads\/2012\/08\/BildSWMOTECH-265x353.jpg\" alt=\"\" width=\"265\" height=\"353\" srcset=\"https:\/\/www.fuldaernachrichten.de\/wp-content\/uploads\/2012\/08\/BildSWMOTECH-265x353.jpg 265w, https:\/\/www.fuldaernachrichten.de\/wp-content\/uploads\/2012\/08\/BildSWMOTECH-198x265.jpg 198w, https:\/\/www.fuldaernachrichten.de\/wp-content\/uploads\/2012\/08\/BildSWMOTECH-450x600.jpg 450w, https:\/\/www.fuldaernachrichten.de\/wp-content\/uploads\/2012\/08\/BildSWMOTECH.jpg 600w\" sizes=\"(max-width: 265px) 100vw, 265px\" \/><\/a>Rovinj. Mit gro\u00dfen Schritten durchschreiten wir die Sommermonate und steuern auf die BMW BikerDays Croatia vom 28. &#8211; 30. September im kroatischen Rovinj zu. Bei diesem Fest unter der sp\u00e4tsommerlichen Adria-Sonne treffen sich auch aber nicht nur die Freunde der wei\u00df-blauen Marke. Zahlreiche Motorradfreunde auch anderer Hersteller haben ihr Kommen ebenfalls bereits angek\u00fcndigt.<\/p>\n<p>Auch das Programm steht: Den musikalischen Auftakt am Freitag wird die kroatische Band DREAM PROJECT gestalten. Der Sonnabend steht f\u00fcr verschiedene Touren durch das Motorradparadies Kroatien zur Verf\u00fcgung. Au\u00dferdem wird Stunt-Act Dirk Manderbach f\u00fcr eine Premiere sorgen: Seine spektakul\u00e4ren Stunts wird er erstmals mit einem eigens umgebauten Dirtbike vorf\u00fchren und das Publikum begeistern. In der Cinema Traveller Adventure Show zeigen Miriam Orlandi (&#8220;Von Argentinien nach Alaska&#8221;) und die Alpenrocker (From East GO BACK&#8221;) ihre Multimedia-Shows. <!--more--><br \/>\nAm Abend sorgen sowohl die deutsche Gruppe SOCIAL IMPACT als auch die ungarische Band GUNS`N DESTRUCTION, eine der weltbesten Guns`N Roses Tribute Bands, f\u00fcr gute Stimmung. Au\u00dferdem wird ebenfalls am Samstag der offizielle Song der BMW BikerDays Croatia &#8220;BikersFeeling&#8221; von Manuel TheBoyScout Mijalkovski live performed.<\/p>\n","protected":false},"excerpt":{"rendered":"<div class=\"tmnf_excerpt\"><p>Rovinj. Mit gro\u00dfen Schritten durchschreiten wir die Sommermonate und steuern auf die BMW BikerDays Croatia vom 28. &#8211; 30. September im kroatischen Rovinj zu. Bei diesem Fest unter der sp\u00e4tsommerlichen Adria-Sonne treffen sich auch aber nicht nur die Freunde der wei\u00df-blauen Marke. Zahlreiche Motorradfreunde auch anderer Hersteller haben ihr Kommen ebenfalls bereits angek\u00fcndigt. Auch das &hellip;<\/p>\n<\/div>","protected":false},"author":1,"featured_media":0,"comment_status":"closed","ping_status":"closed","sticky":false,"template":"","format":"standard","meta":{"footnotes":""},"categories":[1,35],"tags":[],"class_list":["post-100647","post","type-post","status-publish","format-standard","hentry","category-startseite","category-auto"],"_links":{"self":[{"href":"https:\/\/www.fuldaernachrichten.de\/index.php?rest_route=\/wp\/v2\/posts\/100647","targetHints":{"allow":["GET"]}}],"collection":[{"href":"https:\/\/www.fuldaernachrichten.de\/index.php?rest_route=\/wp\/v2\/posts"}],"about":[{"href":"https:\/\/www.fuldaernachrichten.de\/index.php?rest_route=\/wp\/v2\/types\/post"}],"author":[{"embeddable":true,"href":"https:\/\/www.fuldaernachrichten.de\/index.php?rest_route=\/wp\/v2\/users\/1"}],"replies":[{"embeddable":true,"href":"https:\/\/www.fuldaernachrichten.de\/index.php?rest_route=%2Fwp%2Fv2%2Fcomments&post=100647"}],"version-history":[{"count":0,"href":"https:\/\/www.fuldaernachrichten.de\/index.php?rest_route=\/wp\/v2\/posts\/100647\/revisions"}],"wp:attachment":[{"href":"https:\/\/www.fuldaernachrichten.de\/index.php?rest_route=%2Fwp%2Fv2%2Fmedia&parent=100647"}],"wp:term":[{"taxonomy":"category","embeddable":true,"href":"https:\/\/www.fuldaernachrichten.de\/index.php?rest_route=%2Fwp%2Fv2%2Fcategories&post=100647"},{"taxonomy":"post_tag","embeddable":true,"href":"https:\/\/www.fuldaernachrichten.de\/index.php?rest_route=%2Fwp%2Fv2%2Ftags&post=100647"}],"curies":[{"name":"wp","href":"https:\/\/api.w.org\/{rel}","templated":true}]}}