{"id":100641,"date":"2012-08-03T00:14:57","date_gmt":"2012-08-03T00:14:57","guid":{"rendered":"http:\/\/www.fuldaer-nachrichten.de\/?p=100641"},"modified":"2012-08-02T15:03:25","modified_gmt":"2012-08-02T15:03:25","slug":"grosenluderer-jugend-und-gemeindeverwaltung-verwirklichen-gemeinsam-ein-jugendprojekt-am-skaterplatz","status":"publish","type":"post","link":"https:\/\/www.fuldaernachrichten.de\/?p=100641","title":{"rendered":"Gro\u00dfenl\u00fcderer Jugend und Gemeindeverwaltung verwirklichen gemeinsam ein Jugendprojekt am Skaterplatz"},"content":{"rendered":"<p><a href=\"http:\/\/www.fuldaer-nachrichten.de\/wp-content\/uploads\/2012\/08\/rathaus_skaterplatz.jpg.jpg\"><img fetchpriority=\"high\" decoding=\"async\" class=\"alignleft size-thumbnail wp-image-100642\" title=\"rathaus_skaterplatz.jpg\" src=\"http:\/\/www.fuldaer-nachrichten.de\/wp-content\/uploads\/2012\/08\/rathaus_skaterplatz.jpg-265x198.jpg\" alt=\"\" width=\"265\" height=\"198\" srcset=\"https:\/\/www.fuldaernachrichten.de\/wp-content\/uploads\/2012\/08\/rathaus_skaterplatz.jpg-265x198.jpg 265w, https:\/\/www.fuldaernachrichten.de\/wp-content\/uploads\/2012\/08\/rathaus_skaterplatz.jpg.jpg 600w\" sizes=\"(max-width: 265px) 100vw, 265px\" \/><\/a>Gro\u00dfenl\u00fcder. Ende des Jahres 2009 besuchten 6 Jugendliche B\u00fcrgermeister Werner Dietrich, um ihm ein Projekt vorzuschlagen, die Anschaffung einer Curb-Pyramide am Skaterplatz, einer Pyramide, \u00fcber die die Skater und Radgeschicklichkeitsfahrer sich sportlich bet\u00e4tigen k\u00f6nnen.<\/p>\n<p>Die Jugendlichen und der B\u00fcrgermeister vereinbarten, dass die Anschaffungs- und Herstellungskosten geteilt werden. Die H\u00e4lfte die Gemeinde, die andere H\u00e4lfte durch Eigenleistung und Spenden. Nachdem der erforderliche Geldbetrag zusammengekommen war, ging man an die Verwirklichung. Die heimischen Firmen BKLS (Metallbau) sowie Weisbeck (Schreinerei) bauten \u2013 auf Vorlage des Plans der Jugendlichen \u2013 die Curb-Pyramide. Die Firma K\u00f6hl Gro\u00dfenl\u00fcder \u00fcbernahm kostenlos die Aufstellung auf dem Skaterplatz in Gro\u00dfenl\u00fcder.<!--more--><\/p>\n<p>B\u00fcrgermeister Dietrich hob hervor, dass der Staat, die Gemeinde sich nicht mehr alles W\u00fcnschenswerte leisten kann und darf. Es gehe nur noch im Miteinander, d.h. gemeinsam und das ist den Jugendlichen zusammen mit der Gemeindeverwaltung (Ordnungsamtsleiter Peter Schlitzer und Jugendbetreuer Andreas Theilig) und dem Landkreis Fulda eindrucksvoll gelungen.<\/p>\n<p>\u201eWir haben zu Recht in den letzten drei Jahren die Haushaltsmittel f\u00fcr unsere Jugendlichen erh\u00f6ht. Wir wollen die Jugend, ihre Anliegen, gezielt durch Projektf\u00f6rderung und nicht pauschal durch Geldmittel unterst\u00fctzen. Wir wollen Eigenbeteiligung einfordern und so auch das Bewusstsein f\u00fcr den sparsamen Einsatz von knappen Haushaltsmittel wecken\u201c, so B\u00fcrgermeister Dietrich. Einen herzlichen Dank richtete er auch an die vielen Spender, die gerne gespendet haben aber nicht genannt werden wollen, und an die Jugendlichen.<\/p>\n<p>&nbsp;<\/p>\n<p>&nbsp;<\/p>\n","protected":false},"excerpt":{"rendered":"<div class=\"tmnf_excerpt\"><p>Gro\u00dfenl\u00fcder. Ende des Jahres 2009 besuchten 6 Jugendliche B\u00fcrgermeister Werner Dietrich, um ihm ein Projekt vorzuschlagen, die Anschaffung einer Curb-Pyramide am Skaterplatz, einer Pyramide, \u00fcber die die Skater und Radgeschicklichkeitsfahrer sich sportlich bet\u00e4tigen k\u00f6nnen. Die Jugendlichen und der B\u00fcrgermeister vereinbarten, dass die Anschaffungs- und Herstellungskosten geteilt werden. Die H\u00e4lfte die Gemeinde, die andere H\u00e4lfte durch &hellip;<\/p>\n<\/div>","protected":false},"author":1,"featured_media":0,"comment_status":"closed","ping_status":"closed","sticky":false,"template":"","format":"standard","meta":{"footnotes":""},"categories":[1,46],"tags":[],"class_list":["post-100641","post","type-post","status-publish","format-standard","hentry","category-startseite","category-sport"],"_links":{"self":[{"href":"https:\/\/www.fuldaernachrichten.de\/index.php?rest_route=\/wp\/v2\/posts\/100641","targetHints":{"allow":["GET"]}}],"collection":[{"href":"https:\/\/www.fuldaernachrichten.de\/index.php?rest_route=\/wp\/v2\/posts"}],"about":[{"href":"https:\/\/www.fuldaernachrichten.de\/index.php?rest_route=\/wp\/v2\/types\/post"}],"author":[{"embeddable":true,"href":"https:\/\/www.fuldaernachrichten.de\/index.php?rest_route=\/wp\/v2\/users\/1"}],"replies":[{"embeddable":true,"href":"https:\/\/www.fuldaernachrichten.de\/index.php?rest_route=%2Fwp%2Fv2%2Fcomments&post=100641"}],"version-history":[{"count":0,"href":"https:\/\/www.fuldaernachrichten.de\/index.php?rest_route=\/wp\/v2\/posts\/100641\/revisions"}],"wp:attachment":[{"href":"https:\/\/www.fuldaernachrichten.de\/index.php?rest_route=%2Fwp%2Fv2%2Fmedia&parent=100641"}],"wp:term":[{"taxonomy":"category","embeddable":true,"href":"https:\/\/www.fuldaernachrichten.de\/index.php?rest_route=%2Fwp%2Fv2%2Fcategories&post=100641"},{"taxonomy":"post_tag","embeddable":true,"href":"https:\/\/www.fuldaernachrichten.de\/index.php?rest_route=%2Fwp%2Fv2%2Ftags&post=100641"}],"curies":[{"name":"wp","href":"https:\/\/api.w.org\/{rel}","templated":true}]}}