{"id":100635,"date":"2012-08-03T00:13:54","date_gmt":"2012-08-03T00:13:54","guid":{"rendered":"http:\/\/www.fuldaer-nachrichten.de\/?p=100635"},"modified":"2012-08-02T14:57:30","modified_gmt":"2012-08-02T14:57:30","slug":"start-in-das-berufsleben-bei-der-zufall-logistics-group","status":"publish","type":"post","link":"https:\/\/www.fuldaernachrichten.de\/?p=100635","title":{"rendered":"Start in das Berufsleben bei der ZUFALL logistics group"},"content":{"rendered":"<p><a href=\"http:\/\/www.fuldaer-nachrichten.de\/wp-content\/uploads\/2012\/08\/Zufall_Azubis2012_Fulda2.jpg\"><img decoding=\"async\" class=\"alignleft size-thumbnail wp-image-100636\" title=\"Zufall_Azubis2012_Fulda2\" src=\"http:\/\/www.fuldaer-nachrichten.de\/wp-content\/uploads\/2012\/08\/Zufall_Azubis2012_Fulda2-265x176.jpg\" alt=\"\" width=\"265\" height=\"176\" srcset=\"https:\/\/www.fuldaernachrichten.de\/wp-content\/uploads\/2012\/08\/Zufall_Azubis2012_Fulda2-265x176.jpg 265w, https:\/\/www.fuldaernachrichten.de\/wp-content\/uploads\/2012\/08\/Zufall_Azubis2012_Fulda2.jpg 592w\" sizes=\"(max-width: 265px) 100vw, 265px\" \/><\/a>Fulda. Traditionell beginnt die Ausbildung in der ZUFALL logistics group mit einem gemeinsamen Auftakt aller Neuank\u00f6mmlinge am Firmenstammsitz in G\u00f6ttingen. Erst einen Tag sp\u00e4ter geht es in den Standorten in S\u00fcdniedersachsen, Hessen, Th\u00fcringen und Rheinland-Pfalz mit dem \u00c2\u00a0Ausbildungsalltag los. 16 der 47 Berufseinsteiger durchlaufen in Fulda die einzelnen Etappen ihrer Ausbildung.<!--more--><\/p>\n<p>\u201eIch wei\u00df, was ich will\u201c, ist in blauen Buchstaben auf den wei\u00dfen T-Shirts der Berufseinsteiger zu lesen. Das best\u00e4rkt die neue Gemeinschaft und vermittelt Selbstbewusstsein. Welchen Stellenwert der Nachwuchs in dem mittelst\u00e4ndischen Familienunternehmen genie\u00dft, zeigt ZUFALL-Gesch\u00e4ftsf\u00fchrer J\u00fcrgen Wolpert: er begr\u00fc\u00dft die jungen Kolleginnen und Kollegen und stellt ihnen das Speditions- und Logistikunternehmen vor. \u201eDie Auszubildenden von heute werden die Zukunft unseres Unternehmens entscheidend mitgestalten\u201c, unterstreicht der Gesch\u00e4ftsf\u00fchrer.<\/p>\n<p>In f\u00fcnf Berufen bildet die ZUFALL logistics group aus: Kaufmann\/-frau f\u00fcr Spedition und Logistikdienstleistung, Fachkraft f\u00fcr Lagerlogistik, Fachlagerist, Berufskraftfahrer\/-in und Informatikkaufmann\/-frau.<\/p>\n<p><strong>Rallye durchs Unternehmen: Kennenlernen hautnah<\/strong><\/p>\n<p>Ein lebhaftes Bild von ihren k\u00fcnftigen T\u00e4tigkeiten gewinnen die Nachwuchskr\u00e4fte bei einer Entdeckertour durch die G\u00f6ttinger ZUFALL-Niederlassung. Die Auszubildenden der zweiten und dritten Lehrjahre haben eine Rallye f\u00fcr sie organisiert, in deren Verlauf sie vielf\u00e4ltige Aufgaben l\u00f6sen und alle Bereiche des Dienstleistungsbetriebs kennen lernen k\u00f6nnen.<\/p>\n<p>Mit dem Fotoshooting endete das Auftakt-Event. Um eine Schultafel mit der Aufschrift \u201eIch glaube nicht an Schicksal, ich glaube an ZUFALL!\u201c versammelten sich die Azubis. Der gr\u00fcne Hintergrund bildet das zentral Motiv der Kampagne, mit der das Unternehmen um Fachkr\u00e4fte-Nachwuchs wirbt.<\/p>\n","protected":false},"excerpt":{"rendered":"<div class=\"tmnf_excerpt\"><p>Fulda. Traditionell beginnt die Ausbildung in der ZUFALL logistics group mit einem gemeinsamen Auftakt aller Neuank\u00f6mmlinge am Firmenstammsitz in G\u00f6ttingen. Erst einen Tag sp\u00e4ter geht es in den Standorten in S\u00fcdniedersachsen, Hessen, Th\u00fcringen und Rheinland-Pfalz mit dem \u00c2\u00a0Ausbildungsalltag los. 16 der 47 Berufseinsteiger durchlaufen in Fulda die einzelnen Etappen ihrer Ausbildung.<\/p>\n<\/div>","protected":false},"author":1,"featured_media":0,"comment_status":"closed","ping_status":"closed","sticky":false,"template":"","format":"standard","meta":{"footnotes":""},"categories":[1,53],"tags":[],"class_list":["post-100635","post","type-post","status-publish","format-standard","hentry","category-startseite","category-bildung"],"_links":{"self":[{"href":"https:\/\/www.fuldaernachrichten.de\/index.php?rest_route=\/wp\/v2\/posts\/100635","targetHints":{"allow":["GET"]}}],"collection":[{"href":"https:\/\/www.fuldaernachrichten.de\/index.php?rest_route=\/wp\/v2\/posts"}],"about":[{"href":"https:\/\/www.fuldaernachrichten.de\/index.php?rest_route=\/wp\/v2\/types\/post"}],"author":[{"embeddable":true,"href":"https:\/\/www.fuldaernachrichten.de\/index.php?rest_route=\/wp\/v2\/users\/1"}],"replies":[{"embeddable":true,"href":"https:\/\/www.fuldaernachrichten.de\/index.php?rest_route=%2Fwp%2Fv2%2Fcomments&post=100635"}],"version-history":[{"count":1,"href":"https:\/\/www.fuldaernachrichten.de\/index.php?rest_route=\/wp\/v2\/posts\/100635\/revisions"}],"predecessor-version":[{"id":100637,"href":"https:\/\/www.fuldaernachrichten.de\/index.php?rest_route=\/wp\/v2\/posts\/100635\/revisions\/100637"}],"wp:attachment":[{"href":"https:\/\/www.fuldaernachrichten.de\/index.php?rest_route=%2Fwp%2Fv2%2Fmedia&parent=100635"}],"wp:term":[{"taxonomy":"category","embeddable":true,"href":"https:\/\/www.fuldaernachrichten.de\/index.php?rest_route=%2Fwp%2Fv2%2Fcategories&post=100635"},{"taxonomy":"post_tag","embeddable":true,"href":"https:\/\/www.fuldaernachrichten.de\/index.php?rest_route=%2Fwp%2Fv2%2Ftags&post=100635"}],"curies":[{"name":"wp","href":"https:\/\/api.w.org\/{rel}","templated":true}]}}