{"id":100633,"date":"2012-08-03T00:12:26","date_gmt":"2012-08-03T00:12:26","guid":{"rendered":"http:\/\/www.fuldaer-nachrichten.de\/?p=100633"},"modified":"2012-08-02T14:54:45","modified_gmt":"2012-08-02T14:54:45","slug":"berufsperspektive-im-handwerk-19-neue-lehrlinge-bei-damian-werner-2","status":"publish","type":"post","link":"https:\/\/www.fuldaernachrichten.de\/?p=100633","title":{"rendered":"Berufsperspektive im Handwerk: 19 neue Lehrlinge bei DAMIAN WERNER"},"content":{"rendered":"<p><a href=\"http:\/\/www.fuldaer-nachrichten.de\/wp-content\/uploads\/2012\/08\/DSC_4050_1.jpg\"><img fetchpriority=\"high\" decoding=\"async\" class=\"alignleft size-thumbnail wp-image-100634\" title=\"DSC_4050_1\" src=\"http:\/\/www.fuldaer-nachrichten.de\/wp-content\/uploads\/2012\/08\/DSC_4050_1-265x217.jpg\" alt=\"\" width=\"265\" height=\"217\" srcset=\"https:\/\/www.fuldaernachrichten.de\/wp-content\/uploads\/2012\/08\/DSC_4050_1-265x217.jpg 265w, https:\/\/www.fuldaernachrichten.de\/wp-content\/uploads\/2012\/08\/DSC_4050_1.jpg 592w\" sizes=\"(max-width: 265px) 100vw, 265px\" \/><\/a>Kalbach. Elf neue Auszubildende in den Berufen Bodenleger, B\u00fcrokauffrau, Estrichleger, Maler und Lackierer, Stuckateur und Trockenbaumonteur beginnen mit ihrer Ausbildung bei DAMIAN WERNER zum 1. August 2012 in Kalbach. 11 haben bereits am 1.8. in Kalbach begonnen, am 1.9. folgen f\u00fcnf \u00c2\u00a0Maler und Lackierer in der Niederlassung W\u00fcrzburg und drei in der Niederlassung Zirndorf. Junge Talente am Start des Berufslebens zu gewinnen und zu den Besten ihres Fachs auszubilden ist Ziel und Herausforderung f\u00fcr das Unternehmen. Diese wird sowohl auf den Baustellen, wie auch im Betrieb praktisch durch die erfahrenen Mitarbeiter angenommen. F\u00fcr die Schulabg\u00e4nger beginnt mit dem Start in die Berufsausbildung nun ein neuer Lebensabschnitt.<!--more--><\/p>\n<p>Die Verantwortung, jungen Menschen eine Ausbildung hin zu Nachwuchskr\u00e4ften, zu eigenverantwortlichen Facharbeitern zu gew\u00e4hren, sieht man bei DAMIAN WERNER als selbstverst\u00e4ndlich. Umso mehr kann man sich freuen, die freien Lehrstellen mit hoch motivierten Bewerbern besetzt und eine weitere Basis f\u00fcr die Arbeiten der Zukunft geschaffen zu haben.<\/p>\n<p>Insgesamt sind bei DAMIAN WERNER in Kalbach und in den Niederlassungen W\u00fcrzburg und Zirndorf 67 Auszubildende besch\u00e4ftigt. Sowohl in den gewerblichen, wie auch in den kaufm\u00e4nnischen Bereichen.<\/p>\n<p>Foto: Ausbildungsbeauftragte Kathrin Kekul\u00e9 (links) Gesch\u00e4ftsf\u00fchrer Christoph Werner (2. v. links) zusammen mit den neuen Lehrlingen am DAMIAN WERNER Standort in Kalbach.<\/p>\n","protected":false},"excerpt":{"rendered":"<div class=\"tmnf_excerpt\"><p>Kalbach. Elf neue Auszubildende in den Berufen Bodenleger, B\u00fcrokauffrau, Estrichleger, Maler und Lackierer, Stuckateur und Trockenbaumonteur beginnen mit ihrer Ausbildung bei DAMIAN WERNER zum 1. August 2012 in Kalbach. 11 haben bereits am 1.8. in Kalbach begonnen, am 1.9. folgen f\u00fcnf \u00c2\u00a0Maler und Lackierer in der Niederlassung W\u00fcrzburg und drei in der Niederlassung Zirndorf. Junge &hellip;<\/p>\n<\/div>","protected":false},"author":1,"featured_media":0,"comment_status":"closed","ping_status":"closed","sticky":false,"template":"","format":"standard","meta":{"footnotes":""},"categories":[1,53],"tags":[],"class_list":["post-100633","post","type-post","status-publish","format-standard","hentry","category-startseite","category-bildung"],"_links":{"self":[{"href":"https:\/\/www.fuldaernachrichten.de\/index.php?rest_route=\/wp\/v2\/posts\/100633","targetHints":{"allow":["GET"]}}],"collection":[{"href":"https:\/\/www.fuldaernachrichten.de\/index.php?rest_route=\/wp\/v2\/posts"}],"about":[{"href":"https:\/\/www.fuldaernachrichten.de\/index.php?rest_route=\/wp\/v2\/types\/post"}],"author":[{"embeddable":true,"href":"https:\/\/www.fuldaernachrichten.de\/index.php?rest_route=\/wp\/v2\/users\/1"}],"replies":[{"embeddable":true,"href":"https:\/\/www.fuldaernachrichten.de\/index.php?rest_route=%2Fwp%2Fv2%2Fcomments&post=100633"}],"version-history":[{"count":0,"href":"https:\/\/www.fuldaernachrichten.de\/index.php?rest_route=\/wp\/v2\/posts\/100633\/revisions"}],"wp:attachment":[{"href":"https:\/\/www.fuldaernachrichten.de\/index.php?rest_route=%2Fwp%2Fv2%2Fmedia&parent=100633"}],"wp:term":[{"taxonomy":"category","embeddable":true,"href":"https:\/\/www.fuldaernachrichten.de\/index.php?rest_route=%2Fwp%2Fv2%2Fcategories&post=100633"},{"taxonomy":"post_tag","embeddable":true,"href":"https:\/\/www.fuldaernachrichten.de\/index.php?rest_route=%2Fwp%2Fv2%2Ftags&post=100633"}],"curies":[{"name":"wp","href":"https:\/\/api.w.org\/{rel}","templated":true}]}}