{"id":100625,"date":"2012-08-02T00:11:45","date_gmt":"2012-08-02T00:11:45","guid":{"rendered":"http:\/\/www.fuldaer-nachrichten.de\/?p=100625"},"modified":"2012-08-01T18:16:53","modified_gmt":"2012-08-01T18:16:53","slug":"sommerpause-in-ziehers-reparaturen-im-esperanto-aber-hochsommer-offnungszeit-im-rosenbad-bis-sonntag-ab-9-uhr","status":"publish","type":"post","link":"https:\/\/www.fuldaernachrichten.de\/?p=100625","title":{"rendered":"Sommerpause in Ziehers, Reparaturen im Esperanto \u2013 aber:  Hochsommer-\u00d6ffnungszeit im Rosenbad bis Sonntag ab 9 Uhr"},"content":{"rendered":"<p><a href=\"http:\/\/www.fuldaer-nachrichten.de\/wp-content\/uploads\/2012\/08\/Badefreuden-im-Rosenbad.jpg\"><img decoding=\"async\" class=\"alignleft size-thumbnail wp-image-100626\" title=\"Badefreuden im Rosenbad\" src=\"http:\/\/www.fuldaer-nachrichten.de\/wp-content\/uploads\/2012\/08\/Badefreuden-im-Rosenbad-265x174.jpg\" alt=\"\" width=\"265\" height=\"174\" srcset=\"https:\/\/www.fuldaernachrichten.de\/wp-content\/uploads\/2012\/08\/Badefreuden-im-Rosenbad-265x174.jpg 265w, https:\/\/www.fuldaernachrichten.de\/wp-content\/uploads\/2012\/08\/Badefreuden-im-Rosenbad.jpg 600w\" sizes=\"(max-width: 265px) 100vw, 265px\" \/><\/a>Fulda. Endlich ist der Sommer da! Und da die Wettervorhersage f\u00fcr die kommenden Tage ebenfalls Sonnenschein und hochsommerliche Temperaturen f\u00fcr Fulda verspricht, \u00f6ffnet das Rosenbad bis einschlie\u00dflich Sonntag, 5. August 2012, ausnahmsweise bereits um 9:00 Uhr. Mit dieser wetterangepassten vorl\u00e4ufigen Verl\u00e4ngerung der \u00d6ffnungszeiten erm\u00f6glicht die GWV-Tochtergesellschaft B\u00e4der Betriebs GmbH (BBG) allen bisher vom Sommer leider wenig verw\u00f6hnten Schwimmerinnen und Schwimmern, eine Stunde l\u00e4nger als sonst ihre Bahnen zu ziehen. Die Badezeit endet wie gewohnt um 20 Uhr.<\/p>\n","protected":false},"excerpt":{"rendered":"<div class=\"tmnf_excerpt\"><p>Fulda. Endlich ist der Sommer da! Und da die Wettervorhersage f\u00fcr die kommenden Tage ebenfalls Sonnenschein und hochsommerliche Temperaturen f\u00fcr Fulda verspricht, \u00f6ffnet das Rosenbad bis einschlie\u00dflich Sonntag, 5. August 2012, ausnahmsweise bereits um 9:00 Uhr. Mit dieser wetterangepassten vorl\u00e4ufigen Verl\u00e4ngerung der \u00d6ffnungszeiten erm\u00f6glicht die GWV-Tochtergesellschaft B\u00e4der Betriebs GmbH (BBG) allen bisher vom Sommer leider &hellip;<\/p>\n<\/div>","protected":false},"author":1,"featured_media":0,"comment_status":"closed","ping_status":"closed","sticky":false,"template":"","format":"standard","meta":{"footnotes":""},"categories":[1,46],"tags":[],"class_list":["post-100625","post","type-post","status-publish","format-standard","hentry","category-startseite","category-sport"],"_links":{"self":[{"href":"https:\/\/www.fuldaernachrichten.de\/index.php?rest_route=\/wp\/v2\/posts\/100625","targetHints":{"allow":["GET"]}}],"collection":[{"href":"https:\/\/www.fuldaernachrichten.de\/index.php?rest_route=\/wp\/v2\/posts"}],"about":[{"href":"https:\/\/www.fuldaernachrichten.de\/index.php?rest_route=\/wp\/v2\/types\/post"}],"author":[{"embeddable":true,"href":"https:\/\/www.fuldaernachrichten.de\/index.php?rest_route=\/wp\/v2\/users\/1"}],"replies":[{"embeddable":true,"href":"https:\/\/www.fuldaernachrichten.de\/index.php?rest_route=%2Fwp%2Fv2%2Fcomments&post=100625"}],"version-history":[{"count":1,"href":"https:\/\/www.fuldaernachrichten.de\/index.php?rest_route=\/wp\/v2\/posts\/100625\/revisions"}],"predecessor-version":[{"id":100627,"href":"https:\/\/www.fuldaernachrichten.de\/index.php?rest_route=\/wp\/v2\/posts\/100625\/revisions\/100627"}],"wp:attachment":[{"href":"https:\/\/www.fuldaernachrichten.de\/index.php?rest_route=%2Fwp%2Fv2%2Fmedia&parent=100625"}],"wp:term":[{"taxonomy":"category","embeddable":true,"href":"https:\/\/www.fuldaernachrichten.de\/index.php?rest_route=%2Fwp%2Fv2%2Fcategories&post=100625"},{"taxonomy":"post_tag","embeddable":true,"href":"https:\/\/www.fuldaernachrichten.de\/index.php?rest_route=%2Fwp%2Fv2%2Ftags&post=100625"}],"curies":[{"name":"wp","href":"https:\/\/api.w.org\/{rel}","templated":true}]}}