{"id":100619,"date":"2012-08-03T00:09:55","date_gmt":"2012-08-03T00:09:55","guid":{"rendered":"http:\/\/www.fuldaer-nachrichten.de\/?p=100619"},"modified":"2012-08-03T07:28:30","modified_gmt":"2012-08-03T07:28:30","slug":"adac-rallye-deutschland-vom-23-bis-26-8-2012-veranstalter-erwartet-wieder-bis-zu-200-000-besucher","status":"publish","type":"post","link":"https:\/\/www.fuldaernachrichten.de\/?p=100619","title":{"rendered":"ADAC Rallye Deutschland vom 23. bis 26.8.2012 &#8211; Veranstalter erwartet wieder bis zu 200.000 Besucher"},"content":{"rendered":"<p><a href=\"http:\/\/www.fuldaer-nachrichten.de\/wp-content\/uploads\/2012\/08\/120803_ADAC.jpg\"><img fetchpriority=\"high\" decoding=\"async\" class=\"alignnone size-full wp-image-100662\" title=\"120803_ADAC\" src=\"http:\/\/www.fuldaer-nachrichten.de\/wp-content\/uploads\/2012\/08\/120803_ADAC.jpg\" alt=\"\" width=\"560\" height=\"294\" \/><\/a><\/p>\n<p>Trier. Vom 23. &#8211; 26.8.2012 findet der deutsche Lauf zur Rallye Weltmeisterschaft &#8211; die ADAC Rallye Deutschland &#8211; in der Region Trier \/ Mosel \/ Baumholder \/ Saarland statt. Die Veranstaltung feiert dieses Jahr ihr 30-j\u00e4hriges Jubil\u00e4um und genie\u00dft seit 10 Jahren den Status einer Weltmeisterschaft. F\u00fcr knapp eine Woche sind die Stars der WRC (World Rally Championship) zu Gast in Deutschland. Wie in den Vorjahren erwartet der ADAC als Veranstalter wieder bis zu 200.000 Besucher. Sehen Sie dazu auch den <a href=\"http:\/\/youtu.be\/FhhVT-ByJP8\" target=\"_blank\">Trailer<\/a>.<\/p>\n","protected":false},"excerpt":{"rendered":"<div class=\"tmnf_excerpt\"><p>Trier. Vom 23. &#8211; 26.8.2012 findet der deutsche Lauf zur Rallye Weltmeisterschaft &#8211; die ADAC Rallye Deutschland &#8211; in der Region Trier \/ Mosel \/ Baumholder \/ Saarland statt. Die Veranstaltung feiert dieses Jahr ihr 30-j\u00e4hriges Jubil\u00e4um und genie\u00dft seit 10 Jahren den Status einer Weltmeisterschaft. F\u00fcr knapp eine Woche sind die Stars der WRC &hellip;<\/p>\n<\/div>","protected":false},"author":1,"featured_media":0,"comment_status":"closed","ping_status":"closed","sticky":false,"template":"","format":"standard","meta":{"footnotes":""},"categories":[1,35,78],"tags":[],"class_list":["post-100619","post","type-post","status-publish","format-standard","hentry","category-startseite","category-auto","category-topthema"],"_links":{"self":[{"href":"https:\/\/www.fuldaernachrichten.de\/index.php?rest_route=\/wp\/v2\/posts\/100619","targetHints":{"allow":["GET"]}}],"collection":[{"href":"https:\/\/www.fuldaernachrichten.de\/index.php?rest_route=\/wp\/v2\/posts"}],"about":[{"href":"https:\/\/www.fuldaernachrichten.de\/index.php?rest_route=\/wp\/v2\/types\/post"}],"author":[{"embeddable":true,"href":"https:\/\/www.fuldaernachrichten.de\/index.php?rest_route=\/wp\/v2\/users\/1"}],"replies":[{"embeddable":true,"href":"https:\/\/www.fuldaernachrichten.de\/index.php?rest_route=%2Fwp%2Fv2%2Fcomments&post=100619"}],"version-history":[{"count":1,"href":"https:\/\/www.fuldaernachrichten.de\/index.php?rest_route=\/wp\/v2\/posts\/100619\/revisions"}],"predecessor-version":[{"id":100663,"href":"https:\/\/www.fuldaernachrichten.de\/index.php?rest_route=\/wp\/v2\/posts\/100619\/revisions\/100663"}],"wp:attachment":[{"href":"https:\/\/www.fuldaernachrichten.de\/index.php?rest_route=%2Fwp%2Fv2%2Fmedia&parent=100619"}],"wp:term":[{"taxonomy":"category","embeddable":true,"href":"https:\/\/www.fuldaernachrichten.de\/index.php?rest_route=%2Fwp%2Fv2%2Fcategories&post=100619"},{"taxonomy":"post_tag","embeddable":true,"href":"https:\/\/www.fuldaernachrichten.de\/index.php?rest_route=%2Fwp%2Fv2%2Ftags&post=100619"}],"curies":[{"name":"wp","href":"https:\/\/api.w.org\/{rel}","templated":true}]}}