{"id":100616,"date":"2012-08-01T00:25:13","date_gmt":"2012-08-01T00:25:13","guid":{"rendered":"http:\/\/www.fuldaer-nachrichten.de\/?p=100616"},"modified":"2012-08-01T18:03:04","modified_gmt":"2012-08-01T18:03:04","slug":"wirtschaftsminister-florian-rentsch-ubergibt-forderbescheid-fur-die-herstellung-von-39-sozialmietwohnungen-in-einem-mehrfamilienhaus-in-fulda","status":"publish","type":"post","link":"https:\/\/www.fuldaernachrichten.de\/?p=100616","title":{"rendered":"Wirtschaftsminister Florian Rentsch \u00fcbergibt F\u00f6rderbescheid f\u00fcr die Herstellung von 39 Sozialmietwohnungen in einem Mehrfamilienhaus in Fulda"},"content":{"rendered":"<p>Fulda. In 300 Meter Entfernung zur Fuldaer Fu\u00dfg\u00e4ngerzone mit dem Universit\u00e4tsplatz entsteht in der s\u00fcdlichen Innenstadt in denkmalgesch\u00fctztem Umfeld ein neues Stadtquartier: \u201eAm Florentor\u201c. Es weist auf das ehemals hier befindliche, die alte Fuldaer Kernstadt abschlie\u00dfende Florentor hin. In diesem Wohnquartier entsteht u. a. ein Mehrfamilienhaus mit 39 Sozialmietwohnungen f\u00fcr \u00e4ltere und behinderte Menschen bzw. Rollstuhlfahrer und junge Familien. Das Land Hessen f\u00f6rdert diese Wohnungen mit einem Betrag von rund 2,3 Mio. Euro. <!--more--> Die Gesamtkosten belaufen sich auf ca. 4.7 Mio. Euro. Neben dem Landesdarlehen wird von der Wirtschafts- und Infrastrukturbank Hessen (WIBank) ein weiteres Darlehen aus dem KfW-Programm \u201eEnergieeffizient Bauen &#8211; Effizienzhaus 55\u201c \u00fcber insgesamt 1.748.200 Euro zur Verf\u00fcgung gestellt. Die Stadt Fulda beteiligt sich mit 390.000 Euro.<\/p>\n<p>Wirtschaftsminister Florian Rentsch \u00fcbergab heute in Fulda den F\u00f6rderbescheid an die Gesch\u00e4ftsf\u00fchrenden Gesellschafter der CFB Immobilien GmbH &amp; Co. KG, Christopher Burg und Florian Burg. \u201eDie Anforderungen auf dem Wohnungsmarkt \u00e4ndern sich, Energieeffizienz und altersgerechte Gestaltung werden immer wichtiger. Hessen wird deshalb ein eigenes Wohnraumf\u00f6rdergesetz verabschieden, das an die spezifischen hessischen Verh\u00e4ltnisse angepasst ist. Damit sind wir gut ger\u00fcstet, um die aktuellen und die zuk\u00fcnftigen Herausforderungen zu bew\u00e4ltigen\u201c, sagte der Minister.<\/p>\n<p>Die 39 gef\u00f6rderten Wohnungen befinden sich im Untergeschoss, Erdgeschoss und 1. bis 4. Obergeschoss. Es entstehen:<br \/>\n27\u00c2\u00a0 Ein-Zimmerwohnungen mit Wohnfl\u00e4chen von 44,22 bis 52,54 m2 und 12\u00c2\u00a0 Zwei-Zimmerwohnungen mit Wohnfl\u00e4chen von 59,02 bis 67,32 m2.. Die Gesamtwohnfl\u00e4che betr\u00e4gt 2.117,71 m\u00c2\u00b2. Die Anfangsmiete ist auf 5,27 Euro je qm Wohnfl\u00e4che monatlich (ohne Betriebskosten) festgelegt.<\/p>\n<p>\u201eMit dem Geb\u00e4ude soll ein f\u00fcr die Gesamtregion neuer Standard im Bereich sozialer Mietwohnungsbau geschaffen werden: absolute Innenstadtlage, Anbindung an den \u201eAlten St\u00e4dtischen Friedhof\u201c als Stadtpark, gediegene Ausstattungsstandards der Wohnungen, hohe Energieeffizienzwerte und der Einsatz von Pellets\u201c, sagten Christopher und Florian Burg.<\/p>\n","protected":false},"excerpt":{"rendered":"<div class=\"tmnf_excerpt\"><p>Fulda. In 300 Meter Entfernung zur Fuldaer Fu\u00dfg\u00e4ngerzone mit dem Universit\u00e4tsplatz entsteht in der s\u00fcdlichen Innenstadt in denkmalgesch\u00fctztem Umfeld ein neues Stadtquartier: \u201eAm Florentor\u201c. Es weist auf das ehemals hier befindliche, die alte Fuldaer Kernstadt abschlie\u00dfende Florentor hin. In diesem Wohnquartier entsteht u. a. ein Mehrfamilienhaus mit 39 Sozialmietwohnungen f\u00fcr \u00e4ltere und behinderte Menschen bzw. &hellip;<\/p>\n<\/div>","protected":false},"author":1,"featured_media":0,"comment_status":"closed","ping_status":"closed","sticky":false,"template":"","format":"standard","meta":{"footnotes":""},"categories":[1,29],"tags":[],"class_list":["post-100616","post","type-post","status-publish","format-standard","hentry","category-startseite","category-politik"],"_links":{"self":[{"href":"https:\/\/www.fuldaernachrichten.de\/index.php?rest_route=\/wp\/v2\/posts\/100616","targetHints":{"allow":["GET"]}}],"collection":[{"href":"https:\/\/www.fuldaernachrichten.de\/index.php?rest_route=\/wp\/v2\/posts"}],"about":[{"href":"https:\/\/www.fuldaernachrichten.de\/index.php?rest_route=\/wp\/v2\/types\/post"}],"author":[{"embeddable":true,"href":"https:\/\/www.fuldaernachrichten.de\/index.php?rest_route=\/wp\/v2\/users\/1"}],"replies":[{"embeddable":true,"href":"https:\/\/www.fuldaernachrichten.de\/index.php?rest_route=%2Fwp%2Fv2%2Fcomments&post=100616"}],"version-history":[{"count":1,"href":"https:\/\/www.fuldaernachrichten.de\/index.php?rest_route=\/wp\/v2\/posts\/100616\/revisions"}],"predecessor-version":[{"id":100618,"href":"https:\/\/www.fuldaernachrichten.de\/index.php?rest_route=\/wp\/v2\/posts\/100616\/revisions\/100618"}],"wp:attachment":[{"href":"https:\/\/www.fuldaernachrichten.de\/index.php?rest_route=%2Fwp%2Fv2%2Fmedia&parent=100616"}],"wp:term":[{"taxonomy":"category","embeddable":true,"href":"https:\/\/www.fuldaernachrichten.de\/index.php?rest_route=%2Fwp%2Fv2%2Fcategories&post=100616"},{"taxonomy":"post_tag","embeddable":true,"href":"https:\/\/www.fuldaernachrichten.de\/index.php?rest_route=%2Fwp%2Fv2%2Ftags&post=100616"}],"curies":[{"name":"wp","href":"https:\/\/api.w.org\/{rel}","templated":true}]}}