{"id":100611,"date":"2012-08-02T00:12:58","date_gmt":"2012-08-02T00:12:58","guid":{"rendered":"http:\/\/www.fuldaer-nachrichten.de\/?p=100611"},"modified":"2012-08-01T17:55:54","modified_gmt":"2012-08-01T17:55:54","slug":"orgelkonzert-am-19-august-im-fuldaer-dom","status":"publish","type":"post","link":"https:\/\/www.fuldaernachrichten.de\/?p=100611","title":{"rendered":"Orgelkonzert am 19. August im Fuldaer Dom"},"content":{"rendered":"<p><strong><a href=\"http:\/\/www.fuldaer-nachrichten.de\/wp-content\/uploads\/2012\/08\/Czajka.jpg\"><img fetchpriority=\"high\" decoding=\"async\" class=\"alignleft size-thumbnail wp-image-100612\" title=\"Czajka\" src=\"http:\/\/www.fuldaer-nachrichten.de\/wp-content\/uploads\/2012\/08\/Czajka-265x397.jpg\" alt=\"\" width=\"265\" height=\"397\" srcset=\"https:\/\/www.fuldaernachrichten.de\/wp-content\/uploads\/2012\/08\/Czajka-265x397.jpg 265w, https:\/\/www.fuldaernachrichten.de\/wp-content\/uploads\/2012\/08\/Czajka-176x265.jpg 176w, https:\/\/www.fuldaernachrichten.de\/wp-content\/uploads\/2012\/08\/Czajka-400x600.jpg 400w, https:\/\/www.fuldaernachrichten.de\/wp-content\/uploads\/2012\/08\/Czajka.jpg 600w\" sizes=\"(max-width: 265px) 100vw, 265px\" \/><\/a>Fulda<\/strong> (bpf). Die renommierte polnische Organistin Magdalena Czajka stellt ihr Konzert am 19. August um 16.30 Uhr im Fuldaer Dom unter den Titel \u201eL\u00e2\u20ac\u2122Apparition de l\u00e2\u20ac\u2122\u00c3\u2030glise \u00e9ternelle \u2013 Das Erscheinen der ewigen Kirche\u201c. Obwohl dieses St\u00fcck von Olivier Messia\u00c3\u00abn nicht erklingen wird, erschlie\u00dft sich der Sinn unmittelbar. Sie greift mit ihrem Programm zu Beginn zeitlich auf die Glanzperiode des spanischen Orgelbaus und der Orgelkomposition mit einem St\u00fcck von Heredia zur\u00fcck. Schwerpunktthema sind die Veni-Creator-Bearbeitungen: Es erklingen Bearbeitungen von Stanislaw Moryto, Filippo Capocci, Nicolas de Grigny und Antonio de Cabez\u00c3\u00b3n. Mit Charles Tournemires legend\u00e4rer \u201eImprovisation sur le Te Deum\u201c findet das Konzert, das gleichzeitig festlicher Abschluss einer gro\u00dfen Architektur-Tagung zum Domjubil\u00e4um sein wird, seinen glanzvollen H\u00f6hepunkt.<\/p>\n","protected":false},"excerpt":{"rendered":"<div class=\"tmnf_excerpt\"><p>Fulda (bpf). Die renommierte polnische Organistin Magdalena Czajka stellt ihr Konzert am 19. August um 16.30 Uhr im Fuldaer Dom unter den Titel \u201eL\u00e2\u20ac\u2122Apparition de l\u00e2\u20ac\u2122\u00c3\u2030glise \u00e9ternelle \u2013 Das Erscheinen der ewigen Kirche\u201c. Obwohl dieses St\u00fcck von Olivier Messia\u00c3\u00abn nicht erklingen wird, erschlie\u00dft sich der Sinn unmittelbar. Sie greift mit ihrem Programm zu Beginn zeitlich &hellip;<\/p>\n<\/div>","protected":false},"author":1,"featured_media":0,"comment_status":"closed","ping_status":"closed","sticky":false,"template":"","format":"standard","meta":{"footnotes":""},"categories":[1,44],"tags":[],"class_list":["post-100611","post","type-post","status-publish","format-standard","hentry","category-startseite","category-kultur"],"_links":{"self":[{"href":"https:\/\/www.fuldaernachrichten.de\/index.php?rest_route=\/wp\/v2\/posts\/100611","targetHints":{"allow":["GET"]}}],"collection":[{"href":"https:\/\/www.fuldaernachrichten.de\/index.php?rest_route=\/wp\/v2\/posts"}],"about":[{"href":"https:\/\/www.fuldaernachrichten.de\/index.php?rest_route=\/wp\/v2\/types\/post"}],"author":[{"embeddable":true,"href":"https:\/\/www.fuldaernachrichten.de\/index.php?rest_route=\/wp\/v2\/users\/1"}],"replies":[{"embeddable":true,"href":"https:\/\/www.fuldaernachrichten.de\/index.php?rest_route=%2Fwp%2Fv2%2Fcomments&post=100611"}],"version-history":[{"count":0,"href":"https:\/\/www.fuldaernachrichten.de\/index.php?rest_route=\/wp\/v2\/posts\/100611\/revisions"}],"wp:attachment":[{"href":"https:\/\/www.fuldaernachrichten.de\/index.php?rest_route=%2Fwp%2Fv2%2Fmedia&parent=100611"}],"wp:term":[{"taxonomy":"category","embeddable":true,"href":"https:\/\/www.fuldaernachrichten.de\/index.php?rest_route=%2Fwp%2Fv2%2Fcategories&post=100611"},{"taxonomy":"post_tag","embeddable":true,"href":"https:\/\/www.fuldaernachrichten.de\/index.php?rest_route=%2Fwp%2Fv2%2Ftags&post=100611"}],"curies":[{"name":"wp","href":"https:\/\/api.w.org\/{rel}","templated":true}]}}