{"id":10060,"date":"2008-06-24T00:42:20","date_gmt":"2008-06-23T22:42:20","guid":{"rendered":"http:\/\/www.schoene-nachrichten.de\/?p=10060"},"modified":"2008-06-23T23:13:09","modified_gmt":"2008-06-23T21:13:09","slug":"arbeitsagentur-bringt-neue-broschuere-heraus-fair-fulda","status":"publish","type":"post","link":"https:\/\/www.fuldaernachrichten.de\/?p=10060","title":{"rendered":"Arbeitsagentur bringt neue Brosch\u00fcre heraus: &#8220;Fair Fulda&#8221;"},"content":{"rendered":"<p><strong>Fulda.<\/strong> Mit &#8220;Fair Fulda&#8221; macht die Agentur f\u00fcr Arbeit Fulda allen Lehrstellensuchenden ein zus\u00e4tzliches Angebot in Form einer aktuellen \u00dcbersicht \u00fcber die freien Ausbildungsstellen in der Region Fulda (FAIR). &#8220;Fair soll uns neben unseren Online-Angeboten helfen, den Ausgleich zwischen Angebot und Nachfrage auf dem Ausbildungsstellenmarkt in der Region zu verbessern&#8221;, erl\u00e4utert Ottokar Schwerd, Leiter der Berufsberatung.<!--more--><\/p>\n<p>Mit &#8220;Fair Fulda&#8221; hat er eine Ausbildungsstellenb\u00f6rse im Kleinen geschaffen, die schnell und unkompliziert zu handhaben ist -\u00c2\u00a0 Von A wie Anlagenmechaniker\/in bis Z wie Zimmerer finden Interessierte dort die Anzahl der freien Ausbildungsstellen in den jeweiligen Berufen.<\/p>\n<p>&#8220;Aus der \u00dcbersicht geht f\u00fcr den Bewerber deutlich hervor, ob er mit seinem Berufswunsch noch Chancen auf eine Ausbildungsstelle hat, oder ob er sich lieber mit einer Alternative anfreunden sollte&#8221;, erkl\u00e4rt Schwerd. Damit die Bewerber immer auf dem neuesten Stand sind, wird die Liste regelm\u00e4\u00dfig aktualisiert. &#8220;Fair Fulda&#8221; liegt im Berufsinformationszentrum der Agentur f\u00fcr Arbeit Fulda (Eingang Gambettagasse) sowie in der Eingangszone der Agentur f\u00fcr Arbeit Fulda in der Rangstra\u00dfe 4 aus.<\/p>\n","protected":false},"excerpt":{"rendered":"<div class=\"tmnf_excerpt\"><p>Fulda. Mit &#8220;Fair Fulda&#8221; macht die Agentur f\u00fcr Arbeit Fulda allen Lehrstellensuchenden ein zus\u00e4tzliches Angebot in Form einer aktuellen \u00dcbersicht \u00fcber die freien Ausbildungsstellen in der Region Fulda (FAIR). &#8220;Fair soll uns neben unseren Online-Angeboten helfen, den Ausgleich zwischen Angebot und Nachfrage auf dem Ausbildungsstellenmarkt in der Region zu verbessern&#8221;, erl\u00e4utert Ottokar Schwerd, Leiter der &hellip;<\/p>\n<\/div>","protected":false},"author":1,"featured_media":0,"comment_status":"closed","ping_status":"closed","sticky":false,"template":"","format":"standard","meta":{"footnotes":""},"categories":[1],"tags":[],"class_list":["post-10060","post","type-post","status-publish","format-standard","hentry","category-startseite"],"_links":{"self":[{"href":"https:\/\/www.fuldaernachrichten.de\/index.php?rest_route=\/wp\/v2\/posts\/10060","targetHints":{"allow":["GET"]}}],"collection":[{"href":"https:\/\/www.fuldaernachrichten.de\/index.php?rest_route=\/wp\/v2\/posts"}],"about":[{"href":"https:\/\/www.fuldaernachrichten.de\/index.php?rest_route=\/wp\/v2\/types\/post"}],"author":[{"embeddable":true,"href":"https:\/\/www.fuldaernachrichten.de\/index.php?rest_route=\/wp\/v2\/users\/1"}],"replies":[{"embeddable":true,"href":"https:\/\/www.fuldaernachrichten.de\/index.php?rest_route=%2Fwp%2Fv2%2Fcomments&post=10060"}],"version-history":[{"count":0,"href":"https:\/\/www.fuldaernachrichten.de\/index.php?rest_route=\/wp\/v2\/posts\/10060\/revisions"}],"wp:attachment":[{"href":"https:\/\/www.fuldaernachrichten.de\/index.php?rest_route=%2Fwp%2Fv2%2Fmedia&parent=10060"}],"wp:term":[{"taxonomy":"category","embeddable":true,"href":"https:\/\/www.fuldaernachrichten.de\/index.php?rest_route=%2Fwp%2Fv2%2Fcategories&post=10060"},{"taxonomy":"post_tag","embeddable":true,"href":"https:\/\/www.fuldaernachrichten.de\/index.php?rest_route=%2Fwp%2Fv2%2Ftags&post=10060"}],"curies":[{"name":"wp","href":"https:\/\/api.w.org\/{rel}","templated":true}]}}