{"id":100599,"date":"2012-08-01T00:20:24","date_gmt":"2012-08-01T00:20:24","guid":{"rendered":"http:\/\/www.fuldaer-nachrichten.de\/?p=100599"},"modified":"2012-07-31T15:55:12","modified_gmt":"2012-07-31T15:55:12","slug":"kleinsassen-das-malerdorf-der-rhon-stellt-zum-33-mal-aus","status":"publish","type":"post","link":"https:\/\/www.fuldaernachrichten.de\/?p=100599","title":{"rendered":"Kleinsassen, das Malerdorf der Rh\u00f6n, stellt zum 33. Mal aus"},"content":{"rendered":"<p><a href=\"http:\/\/www.fuldaer-nachrichten.de\/wp-content\/uploads\/2012\/07\/Kunstwoche-.jpeg\"><img decoding=\"async\" class=\"alignleft size-thumbnail wp-image-100600\" title=\"Kunstwoche\" src=\"http:\/\/www.fuldaer-nachrichten.de\/wp-content\/uploads\/2012\/07\/Kunstwoche--265x176.jpg\" alt=\"\" width=\"265\" height=\"176\" srcset=\"https:\/\/www.fuldaernachrichten.de\/wp-content\/uploads\/2012\/07\/Kunstwoche--265x176.jpg 265w, https:\/\/www.fuldaernachrichten.de\/wp-content\/uploads\/2012\/07\/Kunstwoche-.jpeg 600w\" sizes=\"(max-width: 265px) 100vw, 265px\" \/><\/a>Kleinsassen. Am Sonntag den 12. August 2012 startet die \u201eKunstwoche Kleinsassen\u201c zum 33. Mal. Eine Woche lang (12.8.-19.8.2012) gibt es in Scheunen, Garagen und entlang der Stra\u00dfen t\u00e4glich von 11 bis 19 Uhr Ausstellungen verschiedenster Kunstrichtungen. Aus vielen Teilen Deutschlands sowie aus dem benachbarten Ausland kommen K\u00fcnstler und Kunsthandwerker in das Malerdorf am Fu\u00dfe der Milseburg und zeigen ihre Arbeiten. Das Angebot reicht von Malerei, Grafik, Bildhauerei \u00fcber Kunsthandwerk bis hin zu Aktionen.<!--more--><\/p>\n<p>In \u201elebenden Werkst\u00e4tten\u201c k\u00f6nnen Besucher z.B. die Entstehung k\u00fcnstlerischer Arbeiten verfolgen, denn etliche Aussteller lassen sich gerne \u00fcber die Schulter schauen. F\u00fcr kleine und gro\u00dfe Besucher gibt es zahlreiche M\u00f6glichkeiten zum Mitmachen und selbst gestalten. Das bunte Rahmenprogramm rundet die Ausstellung in Kleinsassen zu einem Gesamtkunstwerk ab: So geh\u00f6ren Lesungen und eine breite Palette an musikalischen Darbietungen ebenso dazu wie Puppentheater, Zauber- und Akrobatikvorf\u00fchrungen.<\/p>\n<p>F\u00fcr das leibliche Wohl aller wird in den verschiedenen gastronomischen \u201eZwischenstationen\u201c gesorgt. Kostenlose Parkpl\u00e4tze sind am Dorfrand und Behindertenparkpl\u00e4tze am Friedhof neben der Kunststation zu finden. N\u00e4heres zum weiteren Angebot, sowie den K\u00fcnstler\/innen entnehmen Sie dem Faltblatt (erh\u00e4ltlich in Touristeninformationen, Gemeindeverwaltungen und in Kleinsassen) oder unter <a href=\"http:\/\/www.malerdorf-kleinsassen.de\" target=\"_blank\">www.malerdorf-kleinsassen.de<\/a> .<\/p>\n","protected":false},"excerpt":{"rendered":"<div class=\"tmnf_excerpt\"><p>Kleinsassen. Am Sonntag den 12. August 2012 startet die \u201eKunstwoche Kleinsassen\u201c zum 33. Mal. Eine Woche lang (12.8.-19.8.2012) gibt es in Scheunen, Garagen und entlang der Stra\u00dfen t\u00e4glich von 11 bis 19 Uhr Ausstellungen verschiedenster Kunstrichtungen. Aus vielen Teilen Deutschlands sowie aus dem benachbarten Ausland kommen K\u00fcnstler und Kunsthandwerker in das Malerdorf am Fu\u00dfe der &hellip;<\/p>\n<\/div>","protected":false},"author":1,"featured_media":0,"comment_status":"closed","ping_status":"closed","sticky":false,"template":"","format":"standard","meta":{"footnotes":""},"categories":[1,44],"tags":[],"class_list":["post-100599","post","type-post","status-publish","format-standard","hentry","category-startseite","category-kultur"],"_links":{"self":[{"href":"https:\/\/www.fuldaernachrichten.de\/index.php?rest_route=\/wp\/v2\/posts\/100599","targetHints":{"allow":["GET"]}}],"collection":[{"href":"https:\/\/www.fuldaernachrichten.de\/index.php?rest_route=\/wp\/v2\/posts"}],"about":[{"href":"https:\/\/www.fuldaernachrichten.de\/index.php?rest_route=\/wp\/v2\/types\/post"}],"author":[{"embeddable":true,"href":"https:\/\/www.fuldaernachrichten.de\/index.php?rest_route=\/wp\/v2\/users\/1"}],"replies":[{"embeddable":true,"href":"https:\/\/www.fuldaernachrichten.de\/index.php?rest_route=%2Fwp%2Fv2%2Fcomments&post=100599"}],"version-history":[{"count":0,"href":"https:\/\/www.fuldaernachrichten.de\/index.php?rest_route=\/wp\/v2\/posts\/100599\/revisions"}],"wp:attachment":[{"href":"https:\/\/www.fuldaernachrichten.de\/index.php?rest_route=%2Fwp%2Fv2%2Fmedia&parent=100599"}],"wp:term":[{"taxonomy":"category","embeddable":true,"href":"https:\/\/www.fuldaernachrichten.de\/index.php?rest_route=%2Fwp%2Fv2%2Fcategories&post=100599"},{"taxonomy":"post_tag","embeddable":true,"href":"https:\/\/www.fuldaernachrichten.de\/index.php?rest_route=%2Fwp%2Fv2%2Ftags&post=100599"}],"curies":[{"name":"wp","href":"https:\/\/api.w.org\/{rel}","templated":true}]}}