{"id":100597,"date":"2012-08-01T00:12:11","date_gmt":"2012-08-01T00:12:11","guid":{"rendered":"http:\/\/www.fuldaer-nachrichten.de\/?p=100597"},"modified":"2012-07-31T15:49:45","modified_gmt":"2012-07-31T15:49:45","slug":"komodie-the-descendants-lauft-am-freitag-im-cafe-panama","status":"publish","type":"post","link":"https:\/\/www.fuldaernachrichten.de\/?p=100597","title":{"rendered":"Kom\u00f6die &#8220;The Descendants&#8221; l\u00e4uft am Freitag im Caf\u00e9 Panama"},"content":{"rendered":"<p><a href=\"http:\/\/www.fuldaer-nachrichten.de\/wp-content\/uploads\/2012\/07\/desc_plakat.jpg\"><img fetchpriority=\"high\" decoding=\"async\" class=\"alignleft size-thumbnail wp-image-100598\" title=\"desc_plakat\" src=\"http:\/\/www.fuldaer-nachrichten.de\/wp-content\/uploads\/2012\/07\/desc_plakat-265x374.jpg\" alt=\"\" width=\"265\" height=\"374\" srcset=\"https:\/\/www.fuldaernachrichten.de\/wp-content\/uploads\/2012\/07\/desc_plakat-265x374.jpg 265w, https:\/\/www.fuldaernachrichten.de\/wp-content\/uploads\/2012\/07\/desc_plakat-187x265.jpg 187w, https:\/\/www.fuldaernachrichten.de\/wp-content\/uploads\/2012\/07\/desc_plakat-424x600.jpg 424w, https:\/\/www.fuldaernachrichten.de\/wp-content\/uploads\/2012\/07\/desc_plakat.jpg 495w\" sizes=\"(max-width: 265px) 100vw, 265px\" \/><\/a>Fulda. Die Kultur- und Kinoinitiative Fulda e.V. zeigt am Freitag, den 03.08. um 21.00 Uhr im Caf\u00e9 Panama in der Langebr\u00fcckenstr. 14, 36037 Fulda, die Kom\u00f6die &#8220;The Descendants&#8221;. Regie: Alexander Payne, Land: USA 2011, Spielzeit: 115 Min, FSK: 12, Genre: Tragikom\u00f6die, Spieltag: Freitag, 03.08.2012 um 21:00 Uhr, Spielort: Cafe Panama, (Eintritt 4 \u00e2\u201a\u00ac | erm\u00e4\u00dfigt 3\u00e2\u201a\u00ac)<\/p>\n<p>Kurz und knapp: Der hawaiianische Gesch\u00e4ftsmann und Familienvater Matt King soll entscheiden, ob und an wen ein bislang \u00c2\u00adunber\u00fchrtes St\u00fcck Land verkauft werden soll. Allerdings hat er viel dr\u00e4ngendere Sorgen: Seine von ihm \u00c2\u00adentfremdete Frau liegt nach einem Bootsunfall im Koma, und Matt \u00c2\u00aderf\u00e4hrt, dass sie eine Aff\u00e4re hatte und ihn verlassen \u00c2\u00adwollte. Als ihm die \u00c4rzte mitteilen, dass sie nicht mehr aus dem Koma erwachen wird, macht Matt sich mit seinen \u00c2\u00adbeiden T\u00f6chtern auf die Suche nach dem anderen Mann.<\/p>\n<p>Weitere Infos erhalten Sie unter der Telefonnummer 0661-48 0045-90 oder unter <a href=\"http:\/\/www.35kino.de\" target=\"_blank\">www.35kino.de<\/a><\/p>\n","protected":false},"excerpt":{"rendered":"<div class=\"tmnf_excerpt\"><p>Fulda. Die Kultur- und Kinoinitiative Fulda e.V. zeigt am Freitag, den 03.08. um 21.00 Uhr im Caf\u00e9 Panama in der Langebr\u00fcckenstr. 14, 36037 Fulda, die Kom\u00f6die &#8220;The Descendants&#8221;. Regie: Alexander Payne, Land: USA 2011, Spielzeit: 115 Min, FSK: 12, Genre: Tragikom\u00f6die, Spieltag: Freitag, 03.08.2012 um 21:00 Uhr, Spielort: Cafe Panama, (Eintritt 4 \u00e2\u201a\u00ac | erm\u00e4\u00dfigt &hellip;<\/p>\n<\/div>","protected":false},"author":1,"featured_media":0,"comment_status":"closed","ping_status":"closed","sticky":false,"template":"","format":"standard","meta":{"footnotes":""},"categories":[1,44],"tags":[],"class_list":["post-100597","post","type-post","status-publish","format-standard","hentry","category-startseite","category-kultur"],"_links":{"self":[{"href":"https:\/\/www.fuldaernachrichten.de\/index.php?rest_route=\/wp\/v2\/posts\/100597","targetHints":{"allow":["GET"]}}],"collection":[{"href":"https:\/\/www.fuldaernachrichten.de\/index.php?rest_route=\/wp\/v2\/posts"}],"about":[{"href":"https:\/\/www.fuldaernachrichten.de\/index.php?rest_route=\/wp\/v2\/types\/post"}],"author":[{"embeddable":true,"href":"https:\/\/www.fuldaernachrichten.de\/index.php?rest_route=\/wp\/v2\/users\/1"}],"replies":[{"embeddable":true,"href":"https:\/\/www.fuldaernachrichten.de\/index.php?rest_route=%2Fwp%2Fv2%2Fcomments&post=100597"}],"version-history":[{"count":0,"href":"https:\/\/www.fuldaernachrichten.de\/index.php?rest_route=\/wp\/v2\/posts\/100597\/revisions"}],"wp:attachment":[{"href":"https:\/\/www.fuldaernachrichten.de\/index.php?rest_route=%2Fwp%2Fv2%2Fmedia&parent=100597"}],"wp:term":[{"taxonomy":"category","embeddable":true,"href":"https:\/\/www.fuldaernachrichten.de\/index.php?rest_route=%2Fwp%2Fv2%2Fcategories&post=100597"},{"taxonomy":"post_tag","embeddable":true,"href":"https:\/\/www.fuldaernachrichten.de\/index.php?rest_route=%2Fwp%2Fv2%2Ftags&post=100597"}],"curies":[{"name":"wp","href":"https:\/\/api.w.org\/{rel}","templated":true}]}}