{"id":100596,"date":"2012-08-01T00:13:30","date_gmt":"2012-08-01T00:13:30","guid":{"rendered":"http:\/\/www.fuldaer-nachrichten.de\/?p=100596"},"modified":"2012-07-31T15:47:59","modified_gmt":"2012-07-31T15:47:59","slug":"musikalischer-genuss-aus-delaware-partnerregion-fuldas-gibt-heute-mit-hochkaratigem-chor-ein-konzert-der-extraklasse","status":"publish","type":"post","link":"https:\/\/www.fuldaernachrichten.de\/?p=100596","title":{"rendered":"Musikalischer Genuss aus Delaware &#8211; Partnerregion Fuldas gibt heute mit hochkar\u00e4tigem Chor ein Konzert der Extraklasse"},"content":{"rendered":"<p>Fulda (hm). Am heutigen Mittwoch, 01. August 2012, findet um 19.00 Uhr ein Konzert des Chores der Universit\u00e4t aus Delaware (USA) in der Frauenberg- Kirche statt. Der Eintritt ist frei. B\u00fcrgermeister Dr. Wolfgang Dippel ist sehr erfreut, dass ein so hochkar\u00e4tiges Chorensemble in Fulda Station macht. Mit dem Veranstaltungsort \u2013 der Kirche am Frauenberg \u2013 w\u00e4hlte der Chor ein beeindruckendes Umfeld f\u00fcr einen wunderbaren H\u00f6rgenuss. <!--more--><br \/>\n\u201eWilmington aus Delaware ist Fuldas Partnerstadt und der Chor aus dem US-Bundesstaat vertritt in gewisser Weise unsere Partnerstadt in Fulda. Es ist ein Zeichen besonderer Freundschaft, wenn Menschen die Kontinente \u00fcberspringen und die Freundschaften leben. Hier m\u00f6chte ich auch Dr. Klaus Sorg und Dr. Christoph Kind danken, die diesen musikalischen Genuss federf\u00fchrend organisierten\u201c, so Dippel.<\/p>\n<p>Dirigiert wird der Chor von Dr. Paul D. Head. Die jungen Erwachsenen werden an diesem Abend Werke der zeitgen\u00f6ssischen Musik und der Renaissancemusik vortragen. \u00e2\u20ac\u00a8Der Chor ist einer der besten Hochschulch\u00f6re in den \u00f6stlichen Vereinigten Staaten und weit \u00fcber die USA hinaus f\u00fcr seine musikalische Professionalit\u00e4t bekannt. Sein musikalisches K\u00f6nnen hat er u. a. in der ber\u00fchmten Carnegie Hall in New York als auch im Kimmel Center in Philadephia unter Beweis gestellt. \u00e2\u20ac\u00a8Fr\u00fchere Stationen seines Wirkens im Ausland waren neben Asien europ\u00e4ische L\u00e4nder wie Schottland, Wales, Frankreich, Deutschland, \u00d6sterreich, Finnland, Spanien, Estland, Griechenland, Ungarn und China.<\/p>\n<p>In diesem Sommer nimmt die Gruppe u.a. an der 30. Weltkonferenz der Internationalen Gesellschaft f\u00fcr Musikp\u00e4dagogik teil. Das Konzert in der Frauenberg-Kirche ist der Abschluss ihrer \u201eEuropean Tour\u201c\u00c2\u00a0 \u00fcber Griechenland, Ungarn, Kroatien und Deutschland.<\/p>\n","protected":false},"excerpt":{"rendered":"<div class=\"tmnf_excerpt\"><p>Fulda (hm). Am heutigen Mittwoch, 01. August 2012, findet um 19.00 Uhr ein Konzert des Chores der Universit\u00e4t aus Delaware (USA) in der Frauenberg- Kirche statt. Der Eintritt ist frei. B\u00fcrgermeister Dr. Wolfgang Dippel ist sehr erfreut, dass ein so hochkar\u00e4tiges Chorensemble in Fulda Station macht. Mit dem Veranstaltungsort \u2013 der Kirche am Frauenberg \u2013 &hellip;<\/p>\n<\/div>","protected":false},"author":1,"featured_media":0,"comment_status":"closed","ping_status":"closed","sticky":false,"template":"","format":"standard","meta":{"footnotes":""},"categories":[1,44],"tags":[],"class_list":["post-100596","post","type-post","status-publish","format-standard","hentry","category-startseite","category-kultur"],"_links":{"self":[{"href":"https:\/\/www.fuldaernachrichten.de\/index.php?rest_route=\/wp\/v2\/posts\/100596","targetHints":{"allow":["GET"]}}],"collection":[{"href":"https:\/\/www.fuldaernachrichten.de\/index.php?rest_route=\/wp\/v2\/posts"}],"about":[{"href":"https:\/\/www.fuldaernachrichten.de\/index.php?rest_route=\/wp\/v2\/types\/post"}],"author":[{"embeddable":true,"href":"https:\/\/www.fuldaernachrichten.de\/index.php?rest_route=\/wp\/v2\/users\/1"}],"replies":[{"embeddable":true,"href":"https:\/\/www.fuldaernachrichten.de\/index.php?rest_route=%2Fwp%2Fv2%2Fcomments&post=100596"}],"version-history":[{"count":0,"href":"https:\/\/www.fuldaernachrichten.de\/index.php?rest_route=\/wp\/v2\/posts\/100596\/revisions"}],"wp:attachment":[{"href":"https:\/\/www.fuldaernachrichten.de\/index.php?rest_route=%2Fwp%2Fv2%2Fmedia&parent=100596"}],"wp:term":[{"taxonomy":"category","embeddable":true,"href":"https:\/\/www.fuldaernachrichten.de\/index.php?rest_route=%2Fwp%2Fv2%2Fcategories&post=100596"},{"taxonomy":"post_tag","embeddable":true,"href":"https:\/\/www.fuldaernachrichten.de\/index.php?rest_route=%2Fwp%2Fv2%2Ftags&post=100596"}],"curies":[{"name":"wp","href":"https:\/\/api.w.org\/{rel}","templated":true}]}}