{"id":100595,"date":"2012-08-01T00:14:14","date_gmt":"2012-08-01T00:14:14","guid":{"rendered":"http:\/\/www.fuldaer-nachrichten.de\/?p=100595"},"modified":"2012-07-31T15:46:10","modified_gmt":"2012-07-31T15:46:10","slug":"wirtschaftsmesse-b2d-in-wiesbaden-wieder-sehr-gefragt","status":"publish","type":"post","link":"https:\/\/www.fuldaernachrichten.de\/?p=100595","title":{"rendered":"Wirtschaftsmesse b2d: In Wiesbaden wieder sehr gefragt"},"content":{"rendered":"<p>Wiesbaden \/ Braunschweig. Im November geht bereits zum dritten Mal die Wirtschaftsmesse BUSINESS TO DIALOG (b2d) in Wiesbaden an den Start. Am Dienstag, den 20. und Mittwoch, den 21. November pr\u00e4sentieren rund 110 Unternehmen ihre Leistungen und Vorz\u00fcge &#8211; branchen\u00fcbergreifend, mittelst\u00e4ndisch und regional. Veranstaltungsort sind erneut die Rhein-Main-Hallen. Schirmherr bleibt der Stadtrat der Landeshauptstadt Wiesbaden Detlev Bendel.<!--more--><br \/>\n&#8220;Wir freuen uns \u00fcber die politische und gesellschaftliche Unterst\u00fctzung&#8221;, erkl\u00e4rt der b2d-Standortverantwortliche Malte Theuerkauf. Neben der st\u00e4dtischen Wirtschaftsf\u00f6rderung, dem regionalen Bundesverband Mittelst\u00e4ndische Wirtschaft (BVMW), der IHK Wiesbaden, dem Arbeitgeberverband HESSENMETALL und dem Marketing Club Mainz-Wiesbaden unterst\u00fctzen auch viele andere Wirtschaftsvertreter das Messekonzept.<\/p>\n<p>Rund 75 Prozent der buchbaren St\u00e4nde und Pr\u00e4sentationsfl\u00e4chen sind bereits ausgebucht, l\u00e4sst der Veranstalter wissen. &#8220;Das ist ein gro\u00dfer Erfolg und beweist, dass die b2d als regionaler Marktplatz des Mittelstandes im Wirtschaftsraum Rhein-Main etabliert ist und angenommen wird&#8221;, so Theuerkauf abschlie\u00dfend. Weitere Informationen zum Messekonzept, zu noch verf\u00fcgbaren St\u00e4nden und Eindr\u00fccken der letzten b2d in Wiesbaden gibt es unter <a href=\"http:\/\/www.dialogmesse.de\" target=\"_blank\">www.dialogmesse.de<\/a>.<\/p>\n<p><strong>Hintergrund:<\/strong><br \/>\nb2d steht f\u00fcr BUSINESS TO DIALOG und die gr\u00f6\u00dfte regionale Mittelstands-Messe im deutschsprachigen Raum. Das b2d-Konzept basiert auf der pers\u00f6nlichen Begegnung von Unternehmen, Unternehmern und Entscheidern aus Wirtschaft, Verb\u00e4nden, Kammern und Politik sowie auf einem einzigartigen Branchenmix aus Industrie, Zulieferern, Handel, Produktion, unternehmensnahen Dienstleistungen und Handwerk. Regionale Vielfalt, kooperatives Netzwerk und engagierte Aussteller bilden die Grundlage des erfolgreichen Wirtschaftsevents, das derzeit j\u00e4hrlich an mehreren Standorten in Deutschland stattfindet. Die b2d ist mehr als ein gew\u00f6hnliches Ausstellungskonzept &#8211; sie ist eine regionale, branchen\u00fcbergreifende Mischung aus Messe, Wirtschaftstreff und Kontaktb\u00f6rse. Dieser Anspruch spiegelt sich auch in den hochkar\u00e4tigen Vortrags- und Rahmenprogrammen wider. Die b2d kooperiert mit zahlreichen St\u00e4dten, Kreisen und Regionen sowie verschiedenen Akteuren der regionalen und nationalen Wirtschaft. Als Partner des deutschen Mittelstandes f\u00f6rdert die b2d Standorte, Unternehmen und wirtschaftliche Leistungstr\u00e4ger.<\/p>\n","protected":false},"excerpt":{"rendered":"<div class=\"tmnf_excerpt\"><p>Wiesbaden \/ Braunschweig. Im November geht bereits zum dritten Mal die Wirtschaftsmesse BUSINESS TO DIALOG (b2d) in Wiesbaden an den Start. Am Dienstag, den 20. und Mittwoch, den 21. November pr\u00e4sentieren rund 110 Unternehmen ihre Leistungen und Vorz\u00fcge &#8211; branchen\u00fcbergreifend, mittelst\u00e4ndisch und regional. Veranstaltungsort sind erneut die Rhein-Main-Hallen. Schirmherr bleibt der Stadtrat der Landeshauptstadt Wiesbaden &hellip;<\/p>\n<\/div>","protected":false},"author":1,"featured_media":0,"comment_status":"closed","ping_status":"closed","sticky":false,"template":"","format":"standard","meta":{"footnotes":""},"categories":[1,29],"tags":[],"class_list":["post-100595","post","type-post","status-publish","format-standard","hentry","category-startseite","category-politik"],"_links":{"self":[{"href":"https:\/\/www.fuldaernachrichten.de\/index.php?rest_route=\/wp\/v2\/posts\/100595","targetHints":{"allow":["GET"]}}],"collection":[{"href":"https:\/\/www.fuldaernachrichten.de\/index.php?rest_route=\/wp\/v2\/posts"}],"about":[{"href":"https:\/\/www.fuldaernachrichten.de\/index.php?rest_route=\/wp\/v2\/types\/post"}],"author":[{"embeddable":true,"href":"https:\/\/www.fuldaernachrichten.de\/index.php?rest_route=\/wp\/v2\/users\/1"}],"replies":[{"embeddable":true,"href":"https:\/\/www.fuldaernachrichten.de\/index.php?rest_route=%2Fwp%2Fv2%2Fcomments&post=100595"}],"version-history":[{"count":0,"href":"https:\/\/www.fuldaernachrichten.de\/index.php?rest_route=\/wp\/v2\/posts\/100595\/revisions"}],"wp:attachment":[{"href":"https:\/\/www.fuldaernachrichten.de\/index.php?rest_route=%2Fwp%2Fv2%2Fmedia&parent=100595"}],"wp:term":[{"taxonomy":"category","embeddable":true,"href":"https:\/\/www.fuldaernachrichten.de\/index.php?rest_route=%2Fwp%2Fv2%2Fcategories&post=100595"},{"taxonomy":"post_tag","embeddable":true,"href":"https:\/\/www.fuldaernachrichten.de\/index.php?rest_route=%2Fwp%2Fv2%2Ftags&post=100595"}],"curies":[{"name":"wp","href":"https:\/\/api.w.org\/{rel}","templated":true}]}}