{"id":100593,"date":"2012-08-01T00:15:59","date_gmt":"2012-08-01T00:15:59","guid":{"rendered":"http:\/\/www.fuldaer-nachrichten.de\/?p=100593"},"modified":"2012-07-31T15:55:43","modified_gmt":"2012-07-31T15:55:43","slug":"rudesheimer-winzer-feiern-achtzig-jahre-rudesheimer-weinfest","status":"publish","type":"post","link":"https:\/\/www.fuldaernachrichten.de\/?p=100593","title":{"rendered":"R\u00fcdesheimer Winzer feiern \u201eAchtzig Jahre R\u00fcdesheimer Weinfest\u201c"},"content":{"rendered":"<p><strong><\/strong><a href=\"http:\/\/www.fuldaer-nachrichten.de\/wp-content\/uploads\/2012\/07\/Weinfest_Trachtengruppe.jpg\"><img fetchpriority=\"high\" decoding=\"async\" class=\"alignleft size-thumbnail wp-image-100594\" title=\"Weinfest_Trachtengruppe\" src=\"http:\/\/www.fuldaer-nachrichten.de\/wp-content\/uploads\/2012\/07\/Weinfest_Trachtengruppe-265x198.jpg\" alt=\"\" width=\"265\" height=\"198\" srcset=\"https:\/\/www.fuldaernachrichten.de\/wp-content\/uploads\/2012\/07\/Weinfest_Trachtengruppe-265x198.jpg 265w, https:\/\/www.fuldaernachrichten.de\/wp-content\/uploads\/2012\/07\/Weinfest_Trachtengruppe.jpg 600w\" sizes=\"(max-width: 265px) 100vw, 265px\" \/><\/a>R\u00fcdesheim am Rhein. Mit einem Abend der Extra-Klasse startet das R\u00fcdesheimer Weinfest 2012. Die Tradition, dieses Fest zu feiern, wurde vor 80 Jahren begr\u00fcndet. Den Auftakt bildet am Donnerstag, den 16. August, die liebevoll inszenierte Veranstaltung \u201eBeswingt ins R\u00fcdesheimer Weinfest\u201c mit Star-Moderatorin Ulrike Neradt, vielen R\u00fcdesheimer Originalen und dem Gietz-Koop Swing Sextett. Ganz bewusst kn\u00fcpft man an den Swing, den popul\u00e4rsten Jazzstil der letzten 80 Jahre, an. Ist doch diese Musikrichtung ein zeitlicher Begleiter des Weinfestes und im wahrsten Sinne des Wortes mitrei\u00dfend. Der Eintritt ist frei, um Spenden zugunsten der AWO-Jugendarbeit in R\u00fcdesheim wird gebeten. <!--more--><\/p>\n<p>Mit Musik, guter Unterhaltung und Spitzenweinen passt auch der Freitag gut ins Festprogramm. Die Kr\u00f6nung der R\u00fcdesheimer Weinmajest\u00e4ten findet am Samstag, 18. August, um 20.00 Uhr auf der Weinfestb\u00fchne statt. Mit einem festlichen \u00f6kumenischen Gottesdienst auf dem Marktplatz startet der Weinfest-Sonntag um 10.00 Uhr. Abends wird\u00e2\u20ac\u2122s rockig, denn Kr\u00fcger rockt die Festg\u00e4ste mit Hits zum Mitsingen und Tanzen. Der traditionelle Heimatabend beschlie\u00dft am Montag dann das Geburtstags-Fest. Wie auch in den vergangenen Jahren findet ab 11.00 Uhr der \u201eR\u00fcdesheimer Fr\u00fchschoppen\u201c statt, zudem Jung und Alt ganz herzlich eingeladen sind. F\u00fcr die Senioren gibt es einen kostenlosen Shuttle.<\/p>\n<p><strong><\/strong>Aus gegebenem Anlass vertauschen die R\u00fcdesheimer Winzer diesmal den blauen K\u00fcferkittel gegen ein trendiges T-Shirt. Es wurde eigens vom New Yorker Riesling-Papst Paul Grieco gestaltet und steht f\u00fcr Weltoffenheit und Liebe zu der Rebsorte, die R\u00fcdesheim ber\u00fchmt gemacht hat: den Riesling. Grieco hat in den USA die International Riesling Foundation ins Leben gerufen. Einen ganzen Sommer lang will man dem Riesling eine B\u00fchne bauen. Auch die R\u00fcdesheimer Winzer zeigen mit dem neuen T-Shirt Flagge f\u00fcr K\u00f6nig Riesling.<\/p>\n<p>Ein k\u00f6nigliches Vergn\u00fcgen steht auch am Weinfest-Samstag ins Haus. Die Kr\u00f6nung der R\u00fcdesheimer Weinmajest\u00e4ten ist immer wieder ein besonderes Erlebnis. Als R\u00fcdesheimer Weink\u00f6nigin wird dann Franziska Ahlbach die Krone tragen. Sie l\u00f6st Victoria Boos ab. Eskortiert wird die neue Queen von den Prinzessinnen Martha Ehrhardt und Julienne Hetzert, beide R\u00fcdesheimer Winzert\u00f6chter. Zum achtzigsten Geburtstag hat der WTF, der f\u00fcr die Wirtschafts- und Tourismusf\u00f6rderung in R\u00fcdesheim verantwortlich zeichnet, eine neue Krone spendiert. Sie ist in der Goldschmiede der Abtei St. Hildegard entstanden. Auch das Outfit der Majest\u00e4ten ist neu und soll f\u00fcr Glanz auf dem Fest sorgen.<\/p>\n<p>Bleibt noch einmal auf die Stars im Glas hinzuweisen \u2013 die ber\u00fchmten Weine \u2013 made in R\u00fcdesheim. Sie haben Geschichte geschrieben und sind weltbekannt. Die R\u00fcdesheimer Winzer, die auch diesmal wieder das Weinfest ausrichten, sind stolz auf dieses Geschenk der Natur und teilen es gerne mit den Festg\u00e4sten.<\/p>\n<p>Das R\u00fcdesheimer Weinfest findet am dritten Wochenende im August statt und wird am Ursprungsort gefeiert \u2013 auf dem historischen Marktplatz rund um die alte Linde. Details siehe auch unter <a href=\"http:\/\/www.ruedesheimer-weinfest.de\">www.ruedesheimer-weinfest.de<\/a>.<\/p>\n","protected":false},"excerpt":{"rendered":"<div class=\"tmnf_excerpt\"><p>R\u00fcdesheim am Rhein. Mit einem Abend der Extra-Klasse startet das R\u00fcdesheimer Weinfest 2012. Die Tradition, dieses Fest zu feiern, wurde vor 80 Jahren begr\u00fcndet. Den Auftakt bildet am Donnerstag, den 16. August, die liebevoll inszenierte Veranstaltung \u201eBeswingt ins R\u00fcdesheimer Weinfest\u201c mit Star-Moderatorin Ulrike Neradt, vielen R\u00fcdesheimer Originalen und dem Gietz-Koop Swing Sextett. Ganz bewusst kn\u00fcpft &hellip;<\/p>\n<\/div>","protected":false},"author":1,"featured_media":0,"comment_status":"closed","ping_status":"closed","sticky":false,"template":"","format":"standard","meta":{"footnotes":""},"categories":[1,37,44],"tags":[],"class_list":["post-100593","post","type-post","status-publish","format-standard","hentry","category-startseite","category-essen-und-trinken","category-kultur"],"_links":{"self":[{"href":"https:\/\/www.fuldaernachrichten.de\/index.php?rest_route=\/wp\/v2\/posts\/100593","targetHints":{"allow":["GET"]}}],"collection":[{"href":"https:\/\/www.fuldaernachrichten.de\/index.php?rest_route=\/wp\/v2\/posts"}],"about":[{"href":"https:\/\/www.fuldaernachrichten.de\/index.php?rest_route=\/wp\/v2\/types\/post"}],"author":[{"embeddable":true,"href":"https:\/\/www.fuldaernachrichten.de\/index.php?rest_route=\/wp\/v2\/users\/1"}],"replies":[{"embeddable":true,"href":"https:\/\/www.fuldaernachrichten.de\/index.php?rest_route=%2Fwp%2Fv2%2Fcomments&post=100593"}],"version-history":[{"count":1,"href":"https:\/\/www.fuldaernachrichten.de\/index.php?rest_route=\/wp\/v2\/posts\/100593\/revisions"}],"predecessor-version":[{"id":100601,"href":"https:\/\/www.fuldaernachrichten.de\/index.php?rest_route=\/wp\/v2\/posts\/100593\/revisions\/100601"}],"wp:attachment":[{"href":"https:\/\/www.fuldaernachrichten.de\/index.php?rest_route=%2Fwp%2Fv2%2Fmedia&parent=100593"}],"wp:term":[{"taxonomy":"category","embeddable":true,"href":"https:\/\/www.fuldaernachrichten.de\/index.php?rest_route=%2Fwp%2Fv2%2Fcategories&post=100593"},{"taxonomy":"post_tag","embeddable":true,"href":"https:\/\/www.fuldaernachrichten.de\/index.php?rest_route=%2Fwp%2Fv2%2Ftags&post=100593"}],"curies":[{"name":"wp","href":"https:\/\/api.w.org\/{rel}","templated":true}]}}