{"id":100587,"date":"2012-08-01T00:09:53","date_gmt":"2012-08-01T00:09:53","guid":{"rendered":"http:\/\/www.fuldaer-nachrichten.de\/?p=100587"},"modified":"2012-07-31T15:38:12","modified_gmt":"2012-07-31T15:38:12","slug":"lidl-kunden-spenden-uber-5-400-euro-fuldaer-tafel-erhalt-unterstutzung-aus-der-pfandspenden-aktion","status":"publish","type":"post","link":"https:\/\/www.fuldaernachrichten.de\/?p=100587","title":{"rendered":"Lidl-Kunden spenden \u00fcber 5.400 Euro &#8211; Fuldaer Tafel erh\u00e4lt Unterst\u00fctzung aus der Pfandspenden-Aktion"},"content":{"rendered":"<p><a href=\"http:\/\/www.fuldaer-nachrichten.de\/wp-content\/uploads\/2012\/07\/Foto-Schecku\u00cc\u02c6bergabe-Lidl.jpg\"><img fetchpriority=\"high\" decoding=\"async\" class=\"alignnone size-full wp-image-100588\" title=\"Foto-Schecku\u00cc\u02c6bergabe-Lidl\" src=\"http:\/\/www.fuldaer-nachrichten.de\/wp-content\/uploads\/2012\/07\/Foto-Schecku\u00cc\u02c6bergabe-Lidl.jpg\" alt=\"\" width=\"560\" height=\"414\" \/><\/a><\/p>\n<p>Fulda. \u00dcber eine gro\u00dfz\u00fcgige Spende aus der Lidl-Pfandspendenaktion konnte sich jetzt die Fuldaer Tafel freuen. Sie hatte sich um F\u00f6rdermittel beim Bundesverband Deutsche Tafel e.V. beworben und wurde nun mit einem Betrag von 5.425,15 Euro f\u00fcr die Anschaffung einer Industrie-Sp\u00fclmaschine und f\u00fcr den Kauf eines K\u00fchlaggregats unterst\u00fctzt. \u201eMit der neuen Sp\u00fclmaschine k\u00f6nnen wir den hygienischen Anforderungen gerecht werden und mit dem K\u00fchlaggregat k\u00f6nnen wir bei k\u00fchlpflichtiger Ware die optimale und geordnete Aufbewahrung der Lebensmittelgew\u00e4hrleisten\u201c, sagte Heinz Steege, Vorsitzender der Fuldaer Tafel e.V., bei der symbolischen \u00dcbergabe des Spendenschecks im Laden der Fuldaer Tafel.<!--more--><\/p>\n<p>\u201eMit der Pfandspende k\u00f6nnen die Tafeln \u00fcber die klassische Lebensmittelabgabehinaus gezielt finanziell gef\u00f6rdert werden. Dass unsere Kunden dies in einem so gro\u00dfen Umfang unterst\u00fctzen ist f\u00fcr uns eine gro\u00dfartige Best\u00e4tigung unserer Zusammenarbeit\u201c, \u00e4u\u00dferte sich Ary Zietz, Personalleiter der Lidl-Regionalgesellschaft Alzenau, den den Scheck \u00fcberreichte.<\/p>\n<p>Seit M\u00e4rz 2008 unterst\u00fctzt Lidl die Tafeln mit diesem Pfandspendenprojekt. \u00dcber 5.500 Pfandautomaten in rund 3.300 Filialen wurden mit einem Pfandspendenknopfausgestattet. Bei der R\u00fcckgabe von Leergut k\u00f6nnen Kunden mittels Knopfdruckentscheiden, ob sie einen Teilbetrag oder den gesamten Pfandbetrag durch Knopfdruck an den Bundesverband Deutsche Tafel e. V. spenden m\u00f6chten.<\/p>\n<p>Die Lidl-Kunden haben mit Kleinstbetr\u00e4gen Unglaubliches m\u00f6glich gemacht: durch ihren Verzicht auf die Auszahlung des Pfandbetrages hat das Spendenvolumen \u00fcber vier Millionen Euro erreicht. \u201eHerzlichen Dank an unsere Kunden, die dem Pfandspendenprojekt dieses gro\u00dfe Vertrauen entgegenbringen\u201c, so Matthias Raimund, Gesch\u00e4ftsleitungsvorsitzender Lidl Deutschland.<\/p>\n<p>Zum Foto: Bei der Scheck\u00fcbergabe im Hof der Fuldaer Tafel: v. l. Hildegard Reichardt und Heinz Steege vom Vorstand der Fuldaer Tafel, Martin M\u00fcller, Filialleiter der Lidl-Filiale Fulda-Niesig, und Ary Zietz, Personalleiter der Lidl-Regionalgesellschaft Alzenau.<\/p>\n<p>&nbsp;<\/p>\n","protected":false},"excerpt":{"rendered":"<div class=\"tmnf_excerpt\"><p>Fulda. \u00dcber eine gro\u00dfz\u00fcgige Spende aus der Lidl-Pfandspendenaktion konnte sich jetzt die Fuldaer Tafel freuen. Sie hatte sich um F\u00f6rdermittel beim Bundesverband Deutsche Tafel e.V. beworben und wurde nun mit einem Betrag von 5.425,15 Euro f\u00fcr die Anschaffung einer Industrie-Sp\u00fclmaschine und f\u00fcr den Kauf eines K\u00fchlaggregats unterst\u00fctzt. \u201eMit der neuen Sp\u00fclmaschine k\u00f6nnen wir den hygienischen &hellip;<\/p>\n<\/div>","protected":false},"author":1,"featured_media":0,"comment_status":"closed","ping_status":"closed","sticky":false,"template":"","format":"standard","meta":{"footnotes":""},"categories":[1,29,78],"tags":[],"class_list":["post-100587","post","type-post","status-publish","format-standard","hentry","category-startseite","category-politik","category-topthema"],"_links":{"self":[{"href":"https:\/\/www.fuldaernachrichten.de\/index.php?rest_route=\/wp\/v2\/posts\/100587","targetHints":{"allow":["GET"]}}],"collection":[{"href":"https:\/\/www.fuldaernachrichten.de\/index.php?rest_route=\/wp\/v2\/posts"}],"about":[{"href":"https:\/\/www.fuldaernachrichten.de\/index.php?rest_route=\/wp\/v2\/types\/post"}],"author":[{"embeddable":true,"href":"https:\/\/www.fuldaernachrichten.de\/index.php?rest_route=\/wp\/v2\/users\/1"}],"replies":[{"embeddable":true,"href":"https:\/\/www.fuldaernachrichten.de\/index.php?rest_route=%2Fwp%2Fv2%2Fcomments&post=100587"}],"version-history":[{"count":1,"href":"https:\/\/www.fuldaernachrichten.de\/index.php?rest_route=\/wp\/v2\/posts\/100587\/revisions"}],"predecessor-version":[{"id":100589,"href":"https:\/\/www.fuldaernachrichten.de\/index.php?rest_route=\/wp\/v2\/posts\/100587\/revisions\/100589"}],"wp:attachment":[{"href":"https:\/\/www.fuldaernachrichten.de\/index.php?rest_route=%2Fwp%2Fv2%2Fmedia&parent=100587"}],"wp:term":[{"taxonomy":"category","embeddable":true,"href":"https:\/\/www.fuldaernachrichten.de\/index.php?rest_route=%2Fwp%2Fv2%2Fcategories&post=100587"},{"taxonomy":"post_tag","embeddable":true,"href":"https:\/\/www.fuldaernachrichten.de\/index.php?rest_route=%2Fwp%2Fv2%2Ftags&post=100587"}],"curies":[{"name":"wp","href":"https:\/\/api.w.org\/{rel}","templated":true}]}}