{"id":100585,"date":"2012-08-01T00:20:03","date_gmt":"2012-08-01T00:20:03","guid":{"rendered":"http:\/\/www.fuldaer-nachrichten.de\/?p=100585"},"modified":"2012-07-31T15:35:40","modified_gmt":"2012-07-31T15:35:40","slug":"zeitarbeitsunternehmen-rubsam-fachkrafte-spendet-buromobel-im-wert-von-3-000-euro-an-perspektiva","status":"publish","type":"post","link":"https:\/\/www.fuldaernachrichten.de\/?p=100585","title":{"rendered":"Zeitarbeitsunternehmen R\u00dcBSAM Fachkr\u00e4fte spendet B\u00fcrom\u00f6bel im Wert von 3 000 Euro an \u201ePerspektiva\u201c"},"content":{"rendered":"<p><strong><a href=\"http:\/\/www.fuldaer-nachrichten.de\/wp-content\/uploads\/2012\/07\/Mo\u00cc\u02c6bel-fu\u00cc\u02c6r-Perspektiva.jpg\"><img decoding=\"async\" class=\"alignleft size-thumbnail wp-image-100586\" title=\"Mo\u00cc\u02c6bel-fu\u00cc\u02c6r-Perspektiva\" src=\"http:\/\/www.fuldaer-nachrichten.de\/wp-content\/uploads\/2012\/07\/Mo\u00cc\u02c6bel-fu\u00cc\u02c6r-Perspektiva-265x156.jpg\" alt=\"\" width=\"265\" height=\"156\" \/><\/a>Petersberg\/Fulda<\/strong>. \u201eJetzt sind wir richtig gut ausgestattet\u201c, freut sich \u201ePerspektiva\u201c-Teamleiter Joachim Penz. Die gemeinn\u00fctzige F\u00f6rdergemeinschaft hat vom Team des Zeitarbeitsunternehmens R\u00dcBSAM Fachkr\u00e4fte unter anderem neuwertige Tische und St\u00fchle f\u00fcr B\u00fcro- und Seminarr\u00e4ume sowie Kleinm\u00f6bel und einen Tischkicker im Gesamtwert von \u00fcber 3 000 Euro erhalten. <!--more-->\u201eBei meinem ersten Besuch im Theresienhof war ich sofort von der Idee &#8220;Perspektiva&#8221; und den Menschen, die davor und dahinter stehen, begeistert. Mir\u00c2\u00a0 fiel allerdings auch auf, dass es an M\u00f6beln und anderen Gegenst\u00e4nden des t\u00e4glichen Lebens mangelte\u201c, berichtet Erhard R\u00fcbsam. Kurzentschlossen pr\u00fcfte der Unternehmer seine M\u00f6glichkeiten, Perspektiva zu unterst\u00fctzen: \u201eDa wir unsere B\u00fcroorganisation der\u00c2\u00a0 Hauptverwaltung und in den f\u00fcnf Au\u00dfenstellen komplett neu durchstrukturiert hatten, waren einige neuwertige B\u00fcrom\u00f6bel \u00fcbrig. Au\u00dferdem konnten wir aus dem Bestand unseres Weiterbildungszentrums rund 30 neue Seminarst\u00fchle abgeben, weil wir diese M\u00f6belst\u00fccke nur in einer gro\u00dfen Abnahmemenge kaufen konnten.\u201c<\/p>\n<p>Kaum wurden die neuen M\u00f6bel mit tatkr\u00e4ftiger Unterst\u00fctzung des Gesch\u00e4ftsf\u00fchrers in einem Lieferwagen verladen und am Theresienhof aufgestellt, hat R\u00fcbsam bereits das n\u00e4chste Projekt im Visier: \u201eIn K\u00fcrze werden wir gemeinsam mit der Hahner Stahlbau GmbH eine sichere Au\u00dfentreppe errichten, die in das Perspektiva-Geb\u00e4ude f\u00fchrt.\u201c<\/p>\n<p><strong>Zum Foto<\/strong>: Ein Dankesch\u00f6n f\u00fcr die tatkr\u00e4ftige Unterst\u00fctzung: Teamleiter Joachim Penz , Cornelius Lasota, Florian Unzeitig und Maik Peralta Romero mit Erhard R\u00fcbsam sowie den R\u00dcBSAM- Mitarbeiterinnen Stefanie Wolf und Claudia Meister (von links).<\/p>\n<p>&nbsp;<\/p>\n","protected":false},"excerpt":{"rendered":"<div class=\"tmnf_excerpt\"><p>Petersberg\/Fulda. \u201eJetzt sind wir richtig gut ausgestattet\u201c, freut sich \u201ePerspektiva\u201c-Teamleiter Joachim Penz. Die gemeinn\u00fctzige F\u00f6rdergemeinschaft hat vom Team des Zeitarbeitsunternehmens R\u00dcBSAM Fachkr\u00e4fte unter anderem neuwertige Tische und St\u00fchle f\u00fcr B\u00fcro- und Seminarr\u00e4ume sowie Kleinm\u00f6bel und einen Tischkicker im Gesamtwert von \u00fcber 3 000 Euro erhalten.<\/p>\n<\/div>","protected":false},"author":1,"featured_media":0,"comment_status":"closed","ping_status":"closed","sticky":false,"template":"","format":"standard","meta":{"footnotes":""},"categories":[1,29],"tags":[],"class_list":["post-100585","post","type-post","status-publish","format-standard","hentry","category-startseite","category-politik"],"_links":{"self":[{"href":"https:\/\/www.fuldaernachrichten.de\/index.php?rest_route=\/wp\/v2\/posts\/100585","targetHints":{"allow":["GET"]}}],"collection":[{"href":"https:\/\/www.fuldaernachrichten.de\/index.php?rest_route=\/wp\/v2\/posts"}],"about":[{"href":"https:\/\/www.fuldaernachrichten.de\/index.php?rest_route=\/wp\/v2\/types\/post"}],"author":[{"embeddable":true,"href":"https:\/\/www.fuldaernachrichten.de\/index.php?rest_route=\/wp\/v2\/users\/1"}],"replies":[{"embeddable":true,"href":"https:\/\/www.fuldaernachrichten.de\/index.php?rest_route=%2Fwp%2Fv2%2Fcomments&post=100585"}],"version-history":[{"count":0,"href":"https:\/\/www.fuldaernachrichten.de\/index.php?rest_route=\/wp\/v2\/posts\/100585\/revisions"}],"wp:attachment":[{"href":"https:\/\/www.fuldaernachrichten.de\/index.php?rest_route=%2Fwp%2Fv2%2Fmedia&parent=100585"}],"wp:term":[{"taxonomy":"category","embeddable":true,"href":"https:\/\/www.fuldaernachrichten.de\/index.php?rest_route=%2Fwp%2Fv2%2Fcategories&post=100585"},{"taxonomy":"post_tag","embeddable":true,"href":"https:\/\/www.fuldaernachrichten.de\/index.php?rest_route=%2Fwp%2Fv2%2Ftags&post=100585"}],"curies":[{"name":"wp","href":"https:\/\/api.w.org\/{rel}","templated":true}]}}