{"id":10058,"date":"2008-06-24T00:40:40","date_gmt":"2008-06-23T22:40:40","guid":{"rendered":"http:\/\/www.schoene-nachrichten.de\/?p=10058"},"modified":"2008-06-23T23:09:54","modified_gmt":"2008-06-23T21:09:54","slug":"am-donnerstag-buergerberatung-in-der-lauterbacher-kreisverwaltung","status":"publish","type":"post","link":"https:\/\/www.fuldaernachrichten.de\/?p=10058","title":{"rendered":"Am Donnerstag B\u00fcrgerberatung in der Lauterbacher Kreisverwaltung"},"content":{"rendered":"<p><strong>Vogelsbergkreis.<\/strong> Kreisbeigeordnete Sylke Emmermann bietet in ihrer Funktion der B\u00fcrgerbeauftragten am kommenden Donnerstag, 26. Juni, von 14 bis 16 Uhr im Lauterbacher Landratsamt, Goldhelg 20, eine B\u00fcrgerberatung an.<!--more--><\/p>\n<p>Alle Fragen und Probleme, die B\u00fcrgerinnen und B\u00fcrger als Kunden der Kreisverwaltung haben, k\u00f6nnen dort besprochen werden. \u00dcber diesen festen Termin hinaus vereinbart die B\u00fcrgerbeauftragte auch gerne individuelle Gespr\u00e4chstermine, die \u00fcber das Vorzimmer des Landrats, Telefon 06641 \/ 977-321, koordiniert werden. Sylke Emmermann bittet darum, bereits w\u00e4hrend der telefonischen Terminabsprache bzw. vor dem Termin der offenen Beratung das Thema, den Vorgang oder das Aktenzeichen zu benennen, damit die Beratung m\u00f6glichst effektiv sein kann.<\/p>\n<p>Dieses Angebot der Kreisverwaltung ist keine Rechtsberatung, sondern eine Hilfestellung im Verfahrensablauf.<\/p>\n","protected":false},"excerpt":{"rendered":"<div class=\"tmnf_excerpt\"><p>Vogelsbergkreis. Kreisbeigeordnete Sylke Emmermann bietet in ihrer Funktion der B\u00fcrgerbeauftragten am kommenden Donnerstag, 26. Juni, von 14 bis 16 Uhr im Lauterbacher Landratsamt, Goldhelg 20, eine B\u00fcrgerberatung an.<\/p>\n<\/div>","protected":false},"author":1,"featured_media":0,"comment_status":"closed","ping_status":"closed","sticky":false,"template":"","format":"standard","meta":{"footnotes":""},"categories":[1,29],"tags":[],"class_list":["post-10058","post","type-post","status-publish","format-standard","hentry","category-startseite","category-politik"],"_links":{"self":[{"href":"https:\/\/www.fuldaernachrichten.de\/index.php?rest_route=\/wp\/v2\/posts\/10058","targetHints":{"allow":["GET"]}}],"collection":[{"href":"https:\/\/www.fuldaernachrichten.de\/index.php?rest_route=\/wp\/v2\/posts"}],"about":[{"href":"https:\/\/www.fuldaernachrichten.de\/index.php?rest_route=\/wp\/v2\/types\/post"}],"author":[{"embeddable":true,"href":"https:\/\/www.fuldaernachrichten.de\/index.php?rest_route=\/wp\/v2\/users\/1"}],"replies":[{"embeddable":true,"href":"https:\/\/www.fuldaernachrichten.de\/index.php?rest_route=%2Fwp%2Fv2%2Fcomments&post=10058"}],"version-history":[{"count":0,"href":"https:\/\/www.fuldaernachrichten.de\/index.php?rest_route=\/wp\/v2\/posts\/10058\/revisions"}],"wp:attachment":[{"href":"https:\/\/www.fuldaernachrichten.de\/index.php?rest_route=%2Fwp%2Fv2%2Fmedia&parent=10058"}],"wp:term":[{"taxonomy":"category","embeddable":true,"href":"https:\/\/www.fuldaernachrichten.de\/index.php?rest_route=%2Fwp%2Fv2%2Fcategories&post=10058"},{"taxonomy":"post_tag","embeddable":true,"href":"https:\/\/www.fuldaernachrichten.de\/index.php?rest_route=%2Fwp%2Fv2%2Ftags&post=10058"}],"curies":[{"name":"wp","href":"https:\/\/api.w.org\/{rel}","templated":true}]}}