{"id":100534,"date":"2012-08-01T00:14:40","date_gmt":"2012-08-01T00:14:40","guid":{"rendered":"http:\/\/www.fuldaer-nachrichten.de\/?p=100534"},"modified":"2012-08-01T08:28:17","modified_gmt":"2012-08-01T08:28:17","slug":"pfarrer-michel-mvomo-aus-kamerun-berichtet-von-seiner-arbeit-im-afrikanischen-busch","status":"publish","type":"post","link":"https:\/\/www.fuldaernachrichten.de\/?p=100534","title":{"rendered":"Pfarrer Michel Mvomo berichtet am Sonntag, 5.8., von seiner Arbeit im Afrikanischen Busch"},"content":{"rendered":"<p>Fulda. Pfarrer Michel Mvomo aus Kamerun l\u00e4dt am Sonntag, 5. August 2012, um 15 Uhr alle Freunde, Unterst\u00fctzer und Interessierte in das Pfarrheim St. Elisabeth (Gallasiniring 26, Fulda) ein, um von seiner Arbeit im Afrikanischen Busch zu berichten. Er wird einen Lichtbildervortrag \u00fcber die von Freunden und F\u00f6rderern unterst\u00fctzten Projekte zeigen. Neben seiner Hauptaufgabe als Priester im Busch\u00c2\u00a0 k\u00fcmmert er sich um ein Waisenhaus mit ca. 200 Waisenkindern, die Adolf Kolping Handwerksschule und einiges mehr. Pfarrer Michel freut sich auf Ihren Besuch, auf pers\u00f6nliche Begegnungen und Gespr\u00e4che. F\u00fcr das leibliche Wohl ist gesorgt mit Kaffee und Kuchen und Grillw\u00fcrstchen.<\/p>\n","protected":false},"excerpt":{"rendered":"<div class=\"tmnf_excerpt\"><p>Fulda. Pfarrer Michel Mvomo aus Kamerun l\u00e4dt am Sonntag, 5. August 2012, um 15 Uhr alle Freunde, Unterst\u00fctzer und Interessierte in das Pfarrheim St. Elisabeth (Gallasiniring 26, Fulda) ein, um von seiner Arbeit im Afrikanischen Busch zu berichten. Er wird einen Lichtbildervortrag \u00fcber die von Freunden und F\u00f6rderern unterst\u00fctzten Projekte zeigen. Neben seiner Hauptaufgabe als &hellip;<\/p>\n<\/div>","protected":false},"author":1,"featured_media":0,"comment_status":"closed","ping_status":"closed","sticky":false,"template":"","format":"standard","meta":{"footnotes":""},"categories":[1],"tags":[],"class_list":["post-100534","post","type-post","status-publish","format-standard","hentry","category-startseite"],"_links":{"self":[{"href":"https:\/\/www.fuldaernachrichten.de\/index.php?rest_route=\/wp\/v2\/posts\/100534","targetHints":{"allow":["GET"]}}],"collection":[{"href":"https:\/\/www.fuldaernachrichten.de\/index.php?rest_route=\/wp\/v2\/posts"}],"about":[{"href":"https:\/\/www.fuldaernachrichten.de\/index.php?rest_route=\/wp\/v2\/types\/post"}],"author":[{"embeddable":true,"href":"https:\/\/www.fuldaernachrichten.de\/index.php?rest_route=\/wp\/v2\/users\/1"}],"replies":[{"embeddable":true,"href":"https:\/\/www.fuldaernachrichten.de\/index.php?rest_route=%2Fwp%2Fv2%2Fcomments&post=100534"}],"version-history":[{"count":1,"href":"https:\/\/www.fuldaernachrichten.de\/index.php?rest_route=\/wp\/v2\/posts\/100534\/revisions"}],"predecessor-version":[{"id":100535,"href":"https:\/\/www.fuldaernachrichten.de\/index.php?rest_route=\/wp\/v2\/posts\/100534\/revisions\/100535"}],"wp:attachment":[{"href":"https:\/\/www.fuldaernachrichten.de\/index.php?rest_route=%2Fwp%2Fv2%2Fmedia&parent=100534"}],"wp:term":[{"taxonomy":"category","embeddable":true,"href":"https:\/\/www.fuldaernachrichten.de\/index.php?rest_route=%2Fwp%2Fv2%2Fcategories&post=100534"},{"taxonomy":"post_tag","embeddable":true,"href":"https:\/\/www.fuldaernachrichten.de\/index.php?rest_route=%2Fwp%2Fv2%2Ftags&post=100534"}],"curies":[{"name":"wp","href":"https:\/\/api.w.org\/{rel}","templated":true}]}}