{"id":10040,"date":"2008-06-23T00:35:19","date_gmt":"2008-06-22T22:35:19","guid":{"rendered":"http:\/\/www.schoene-nachrichten.de\/?p=10040"},"modified":"2008-06-22T21:06:04","modified_gmt":"2008-06-22T19:06:04","slug":"grosser-tag-fuer-kleine-zwerge","status":"publish","type":"post","link":"https:\/\/www.fuldaernachrichten.de\/?p=10040","title":{"rendered":"\u201eGro\u00dfer Tag f\u00fcr kleine Zwerge\u201c"},"content":{"rendered":"<p><strong>Termin.<\/strong> Unter der Leitung von Diplom Biologe Klaus-Otto Lindemann veranstaltet das Biosph\u00e4renreservat Rh\u00f6n ein Naturerlebnis f\u00fcr Kinder im Kindergartenalter. Diese Veranstaltung rund ums Erleben, F\u00fchlen, Spielen und Lernen in der Natur ist kostenfrei. Treffpunkt ist am Sonntag, 29. Juni 2008, 15.00 Uhr, Ferienhof Breitenbach in Ebersburg Schmalnau. Eine Anmeldung ist erforderlich unter Tel. 0173 \u2013 3251371.<\/p>\n","protected":false},"excerpt":{"rendered":"<div class=\"tmnf_excerpt\"><p>Termin. Unter der Leitung von Diplom Biologe Klaus-Otto Lindemann veranstaltet das Biosph\u00e4renreservat Rh\u00f6n ein Naturerlebnis f\u00fcr Kinder im Kindergartenalter. Diese Veranstaltung rund ums Erleben, F\u00fchlen, Spielen und Lernen in der Natur ist kostenfrei. Treffpunkt ist am Sonntag, 29. Juni 2008, 15.00 Uhr, Ferienhof Breitenbach in Ebersburg Schmalnau. Eine Anmeldung ist erforderlich unter Tel. 0173 \u2013 &hellip;<\/p>\n<\/div>","protected":false},"author":1,"featured_media":0,"comment_status":"closed","ping_status":"closed","sticky":false,"template":"","format":"standard","meta":{"footnotes":""},"categories":[1,52],"tags":[],"class_list":["post-10040","post","type-post","status-publish","format-standard","hentry","category-startseite","category-umwelt"],"_links":{"self":[{"href":"https:\/\/www.fuldaernachrichten.de\/index.php?rest_route=\/wp\/v2\/posts\/10040","targetHints":{"allow":["GET"]}}],"collection":[{"href":"https:\/\/www.fuldaernachrichten.de\/index.php?rest_route=\/wp\/v2\/posts"}],"about":[{"href":"https:\/\/www.fuldaernachrichten.de\/index.php?rest_route=\/wp\/v2\/types\/post"}],"author":[{"embeddable":true,"href":"https:\/\/www.fuldaernachrichten.de\/index.php?rest_route=\/wp\/v2\/users\/1"}],"replies":[{"embeddable":true,"href":"https:\/\/www.fuldaernachrichten.de\/index.php?rest_route=%2Fwp%2Fv2%2Fcomments&post=10040"}],"version-history":[{"count":0,"href":"https:\/\/www.fuldaernachrichten.de\/index.php?rest_route=\/wp\/v2\/posts\/10040\/revisions"}],"wp:attachment":[{"href":"https:\/\/www.fuldaernachrichten.de\/index.php?rest_route=%2Fwp%2Fv2%2Fmedia&parent=10040"}],"wp:term":[{"taxonomy":"category","embeddable":true,"href":"https:\/\/www.fuldaernachrichten.de\/index.php?rest_route=%2Fwp%2Fv2%2Fcategories&post=10040"},{"taxonomy":"post_tag","embeddable":true,"href":"https:\/\/www.fuldaernachrichten.de\/index.php?rest_route=%2Fwp%2Fv2%2Ftags&post=10040"}],"curies":[{"name":"wp","href":"https:\/\/api.w.org\/{rel}","templated":true}]}}