{"id":10035,"date":"2008-06-23T00:06:08","date_gmt":"2008-06-22T22:06:08","guid":{"rendered":"http:\/\/www.schoene-nachrichten.de\/?p=10035"},"modified":"2008-06-22T20:56:26","modified_gmt":"2008-06-22T18:56:26","slug":"nur-noch-wenige-tage-bis-zum-kreisjugendfeuerwehrzeltlager-2008","status":"publish","type":"post","link":"https:\/\/www.fuldaernachrichten.de\/?p=10035","title":{"rendered":"Nur noch wenige Tage bis zum Kreisjugendfeuerwehrzeltlager 2008"},"content":{"rendered":"<p><strong>Neuhof-Rommerz.<\/strong> Auch in diesem Jahr startet p\u00fcnktlich zum Sommerferienbeginn an den ersten beiden Wochenenden das Zeltlager der Kreisjugendfeuerwehr Fulda. Diesmal reisen die Jugendfeuerwehrgruppen zu ihrem Jahresh\u00f6hepunkt nach Neuhof \u2013 Rommerz.<!--more--><\/p>\n<p>Die dortige Jugendfeuerwehr und Feuerwehr hat f\u00fcr dieses gro\u00dfe Event mit dem Kreisjugendfeuerwehrausschuss des Landkreises Fulda ein umfangreiches Programm zusammengestellt. Die Veranstaltung beginnt am Donnerstag, 26.06.2008 bzw. 03.07.2008 mit dem Aufbau der Zelte. Es folgen die Besprechung der der Betreuer sowie die offizielle Er\u00f6ffnung um 19.00 Uhr.<\/p>\n<p>Am Freitag steht nach dem Fr\u00fchst\u00fcck, ab 9 Uhr eine Suchwanderung rund um Rommerz auf dem Programm. Nachmittags k\u00f6nnen sich die Gruppen im Freibad Flieden vergn\u00fcgen oder ein Fu\u00dfball-, Streetball- oder Badmintonturnier am Zeltplatz durchf\u00fchren. Nach dem Abendessen findet noch eine Nachwanderung statt. Der Samstag beginnt mit Feuerwehrausbildungseinheiten, bei denen  die Jugendlichen verschiedene Workshops in Form von Feuerwehrthemen besuchen k\u00f6nnen.<\/p>\n<p>Am Nachmittag gibt es die M\u00f6glichkeit wieder das Schwimmbad in Flieden zu besuchen oder den Kaliberg zu besichtigen. Ein Lagergottesdienst findet um 18.15 am Zeltplatz statt. Das Abendprogramm sieht weiter eine Lagerdisco sowie die Wahl zur Miss und Mister Zeltlager vor. Der Sonntagmorgen beginnt nach dem Fr\u00fchst\u00fcck mit Spielen mit den Betreuern und Jugendfeuerwehrwarten. Die beiden gro\u00dfen Zeltlager werden dann anschlie\u00dfend gegen 13.30 Uhr abgeschlossen. Zu den beiden Wochenenden werden \u00fcber 1000 Jugendfeuerwehrmitglieder aus dem gesamten Landkreis Fulda in dem Kaliortsteil erwartet.<\/p>\n","protected":false},"excerpt":{"rendered":"<div class=\"tmnf_excerpt\"><p>Neuhof-Rommerz. Auch in diesem Jahr startet p\u00fcnktlich zum Sommerferienbeginn an den ersten beiden Wochenenden das Zeltlager der Kreisjugendfeuerwehr Fulda. Diesmal reisen die Jugendfeuerwehrgruppen zu ihrem Jahresh\u00f6hepunkt nach Neuhof \u2013 Rommerz.<\/p>\n<\/div>","protected":false},"author":1,"featured_media":0,"comment_status":"closed","ping_status":"closed","sticky":false,"template":"","format":"standard","meta":{"footnotes":""},"categories":[1,71],"tags":[],"class_list":["post-10035","post","type-post","status-publish","format-standard","hentry","category-startseite","category-feuerwehr"],"_links":{"self":[{"href":"https:\/\/www.fuldaernachrichten.de\/index.php?rest_route=\/wp\/v2\/posts\/10035","targetHints":{"allow":["GET"]}}],"collection":[{"href":"https:\/\/www.fuldaernachrichten.de\/index.php?rest_route=\/wp\/v2\/posts"}],"about":[{"href":"https:\/\/www.fuldaernachrichten.de\/index.php?rest_route=\/wp\/v2\/types\/post"}],"author":[{"embeddable":true,"href":"https:\/\/www.fuldaernachrichten.de\/index.php?rest_route=\/wp\/v2\/users\/1"}],"replies":[{"embeddable":true,"href":"https:\/\/www.fuldaernachrichten.de\/index.php?rest_route=%2Fwp%2Fv2%2Fcomments&post=10035"}],"version-history":[{"count":0,"href":"https:\/\/www.fuldaernachrichten.de\/index.php?rest_route=\/wp\/v2\/posts\/10035\/revisions"}],"wp:attachment":[{"href":"https:\/\/www.fuldaernachrichten.de\/index.php?rest_route=%2Fwp%2Fv2%2Fmedia&parent=10035"}],"wp:term":[{"taxonomy":"category","embeddable":true,"href":"https:\/\/www.fuldaernachrichten.de\/index.php?rest_route=%2Fwp%2Fv2%2Fcategories&post=10035"},{"taxonomy":"post_tag","embeddable":true,"href":"https:\/\/www.fuldaernachrichten.de\/index.php?rest_route=%2Fwp%2Fv2%2Ftags&post=10035"}],"curies":[{"name":"wp","href":"https:\/\/api.w.org\/{rel}","templated":true}]}}