{"id":100336,"date":"2012-07-18T00:13:10","date_gmt":"2012-07-18T00:13:10","guid":{"rendered":"http:\/\/www.fuldaer-nachrichten.de\/?p=100336"},"modified":"2012-07-18T07:43:34","modified_gmt":"2012-07-18T07:43:34","slug":"hessische-internationale-sommeruniversitat-eroffnet-teilnehmer-aus-der-ganzen-welt","status":"publish","type":"post","link":"https:\/\/www.fuldaernachrichten.de\/?p=100336","title":{"rendered":"Hessische Internationale Sommeruniversit\u00e4t er\u00f6ffnet &#8211; Teilnehmer aus der ganzen Welt"},"content":{"rendered":"<p>Fulda. Am Wochenende begann die 9. Hessische Internationale Sommeruniversit\u00e4t (ISU) an der Hochschule Fulda. Auch in diesem Jahr erf\u00e4hrt das Sommerstudienprogramm der Hochschule internationalen sehr gro\u00dfen Zuspruch. Insgesamt 60 Teilnehmerinnen und Teilnehmer aus 22 L\u00e4ndern sind bis zum 11. August in Fulda.<!--more--><br \/>\nDie ISU bietet ein anspruchsvolles Programm mit Fachseminaren in englischer und deutscher Sprache, Deutsch-Sprachkursen, Veranstaltungen zur Landeskunde sowie einem umfassenden Kultur- und Workshop-Angebot und Exkursionen nach Berlin, Eisenach, Weimar, Kassel, Frankfurt, K\u00f6ln\/Bonn<br \/>\nund zur Gedenkst\u00e4tte Point Alpha.<\/p>\n<p>Die diesj\u00e4hrige Internationale Sommeruniversit\u00e4t, die unter der wissenschaftlichen Leitung von Prof. Dr. Thomas Schittny steht, ist dem Thema \u201eNachhaltigkeit f\u00f6rdern \u2013 gesellschaftliche, soziale und<br \/>\n\u00f6konomische Dimensionen aus einer europ\u00e4ischen Perspektive bedenken\u201c gewidmet. \u201eDie ISU ist ein wichtiger Beitrag zur Internationalisierung der Hochschule\u201c. sagte Prof. Dr. Karim Khakzar bei der Er\u00f6ffnung am Sonntag. \u201eDass uns die Institutionen aus Stadt und Land so intensiv unterst\u00fctzen, freut uns daher sehr.\u201c Den\u00c2\u00a0 Studierenden gab er mit auf Weg, mit offenen Augen die Region Fulda und Deutschland zu erleben und sich f\u00fcr einander zu interessieren.<\/p>\n<p>\u201eIch bin \u00fcberzeugt, diese Erfahrung hilft uns allen, neue Standpunkte und Perspektiven, ja Kulturen und Lebensarten zu verstehen und sch\u00e4tzen zu lernen, um miteinander in Frieden und mit Respekt f\u00fcreinander zu leben.\u201c\u00c2\u00a0 Prof. Dr. Thomas Schittny und die Koordinatorin der ISU, Judith Geissler, dankten besonders den Sponsoren, die zahlreiche Stipendien erm\u00f6glichten. Stipendiengeber waren unter anderem das<br \/>\nhessische Ministerium f\u00fcr Wissenschaft und Kunst, die Hochschule Fulda, die St\u00e4dte Fulda und Schlitz, der Landkreis Fulda, die Gemeinde Petersberg, der Deutsch-Russische Freundeskreis, der Freundeskreis<br \/>\nFulda-Leitmeritz, der Kontakt- und F\u00f6rderkreis Sergiev Posad, derDeutsch-Amerikanische Frauenclub und\u00c2\u00a0 die beiden Stiftungen der Sparkasse Fulda.<\/p>\n<p>Die ISU ist ein Gemeinschaftsprojekt der hessischen Hochschulen und wird gef\u00f6rdert vom Hessischen Ministerium f\u00fcr Wissenschaft und Kunst.<\/p>\n","protected":false},"excerpt":{"rendered":"<div class=\"tmnf_excerpt\"><p>Fulda. Am Wochenende begann die 9. Hessische Internationale Sommeruniversit\u00e4t (ISU) an der Hochschule Fulda. Auch in diesem Jahr erf\u00e4hrt das Sommerstudienprogramm der Hochschule internationalen sehr gro\u00dfen Zuspruch. Insgesamt 60 Teilnehmerinnen und Teilnehmer aus 22 L\u00e4ndern sind bis zum 11. August in Fulda.<\/p>\n<\/div>","protected":false},"author":1,"featured_media":0,"comment_status":"closed","ping_status":"closed","sticky":false,"template":"","format":"standard","meta":{"footnotes":""},"categories":[1,48],"tags":[],"class_list":["post-100336","post","type-post","status-publish","format-standard","hentry","category-startseite","category-forschung"],"_links":{"self":[{"href":"https:\/\/www.fuldaernachrichten.de\/index.php?rest_route=\/wp\/v2\/posts\/100336","targetHints":{"allow":["GET"]}}],"collection":[{"href":"https:\/\/www.fuldaernachrichten.de\/index.php?rest_route=\/wp\/v2\/posts"}],"about":[{"href":"https:\/\/www.fuldaernachrichten.de\/index.php?rest_route=\/wp\/v2\/types\/post"}],"author":[{"embeddable":true,"href":"https:\/\/www.fuldaernachrichten.de\/index.php?rest_route=\/wp\/v2\/users\/1"}],"replies":[{"embeddable":true,"href":"https:\/\/www.fuldaernachrichten.de\/index.php?rest_route=%2Fwp%2Fv2%2Fcomments&post=100336"}],"version-history":[{"count":0,"href":"https:\/\/www.fuldaernachrichten.de\/index.php?rest_route=\/wp\/v2\/posts\/100336\/revisions"}],"wp:attachment":[{"href":"https:\/\/www.fuldaernachrichten.de\/index.php?rest_route=%2Fwp%2Fv2%2Fmedia&parent=100336"}],"wp:term":[{"taxonomy":"category","embeddable":true,"href":"https:\/\/www.fuldaernachrichten.de\/index.php?rest_route=%2Fwp%2Fv2%2Fcategories&post=100336"},{"taxonomy":"post_tag","embeddable":true,"href":"https:\/\/www.fuldaernachrichten.de\/index.php?rest_route=%2Fwp%2Fv2%2Ftags&post=100336"}],"curies":[{"name":"wp","href":"https:\/\/api.w.org\/{rel}","templated":true}]}}