{"id":10024,"date":"2008-06-22T07:22:38","date_gmt":"2008-06-22T05:22:38","guid":{"rendered":"http:\/\/www.schoene-nachrichten.de\/?p=10024"},"modified":"2008-06-22T07:22:38","modified_gmt":"2008-06-22T05:22:38","slug":"vhs-des-landkreises-bietet-ferienkurse-in-latein-an","status":"publish","type":"post","link":"https:\/\/www.fuldaernachrichten.de\/?p=10024","title":{"rendered":"vhs des Landkreises bietet Ferienkurse in Latein an"},"content":{"rendered":"<p><strong>Fulda. <\/strong>In einem Ferienkurs bietet die Volkshochschule des Landkreises Fulda Sch\u00fclerinnen und Sch\u00fclern des ersten Lernjahres die M\u00f6glichkeit, die lateinische Grammatik aufzuarbeiten, zu vertiefen und intensiv zu wiederholen. Beginn ist am Montag, 28. Juli, um 10 Uhr in Fulda, Georg-Stieler-Haus, Gallasiniring 1. Am gleichen Tag beginnt um 13.30 Uhr ein weiterer Kurs in Latein f\u00fcr Sch\u00fcler ab dem zweiten Lernjahr. Informationen und Anmeldun-gen bitte bei der vhs des Landkreises, Gallasiniring 30, 36043 Fulda, Tel. 0661\/25199-0, oder unter www.vhs-fulda.de. .<\/p>\n","protected":false},"excerpt":{"rendered":"<div class=\"tmnf_excerpt\"><p>Fulda. In einem Ferienkurs bietet die Volkshochschule des Landkreises Fulda Sch\u00fclerinnen und Sch\u00fclern des ersten Lernjahres die M\u00f6glichkeit, die lateinische Grammatik aufzuarbeiten, zu vertiefen und intensiv zu wiederholen. Beginn ist am Montag, 28. Juli, um 10 Uhr in Fulda, Georg-Stieler-Haus, Gallasiniring 1. Am gleichen Tag beginnt um 13.30 Uhr ein weiterer Kurs in Latein f\u00fcr &hellip;<\/p>\n<\/div>","protected":false},"author":1,"featured_media":0,"comment_status":"closed","ping_status":"closed","sticky":false,"template":"","format":"standard","meta":{"footnotes":""},"categories":[1,53],"tags":[],"class_list":["post-10024","post","type-post","status-publish","format-standard","hentry","category-startseite","category-bildung"],"_links":{"self":[{"href":"https:\/\/www.fuldaernachrichten.de\/index.php?rest_route=\/wp\/v2\/posts\/10024","targetHints":{"allow":["GET"]}}],"collection":[{"href":"https:\/\/www.fuldaernachrichten.de\/index.php?rest_route=\/wp\/v2\/posts"}],"about":[{"href":"https:\/\/www.fuldaernachrichten.de\/index.php?rest_route=\/wp\/v2\/types\/post"}],"author":[{"embeddable":true,"href":"https:\/\/www.fuldaernachrichten.de\/index.php?rest_route=\/wp\/v2\/users\/1"}],"replies":[{"embeddable":true,"href":"https:\/\/www.fuldaernachrichten.de\/index.php?rest_route=%2Fwp%2Fv2%2Fcomments&post=10024"}],"version-history":[{"count":0,"href":"https:\/\/www.fuldaernachrichten.de\/index.php?rest_route=\/wp\/v2\/posts\/10024\/revisions"}],"wp:attachment":[{"href":"https:\/\/www.fuldaernachrichten.de\/index.php?rest_route=%2Fwp%2Fv2%2Fmedia&parent=10024"}],"wp:term":[{"taxonomy":"category","embeddable":true,"href":"https:\/\/www.fuldaernachrichten.de\/index.php?rest_route=%2Fwp%2Fv2%2Fcategories&post=10024"},{"taxonomy":"post_tag","embeddable":true,"href":"https:\/\/www.fuldaernachrichten.de\/index.php?rest_route=%2Fwp%2Fv2%2Ftags&post=10024"}],"curies":[{"name":"wp","href":"https:\/\/api.w.org\/{rel}","templated":true}]}}