{"id":10023,"date":"2008-06-22T07:29:42","date_gmt":"2008-06-22T05:29:42","guid":{"rendered":"http:\/\/www.schoene-nachrichten.de\/?p=10023"},"modified":"2008-06-22T07:29:42","modified_gmt":"2008-06-22T05:29:42","slug":"unternehmen-wehner-groma-veranstaltete-sommerfest-und-jubilaeumslauf-fuer-karitativen-zweck","status":"publish","type":"post","link":"https:\/\/www.fuldaernachrichten.de\/?p=10023","title":{"rendered":"Unternehmen Wehner-Groma veranstaltete Sommerfest und \u201eJubil\u00e4umslauf\u201c f\u00fcr karitativen Zweck"},"content":{"rendered":"<p><a rel=\"lightbox[roadtrip]\" href=\"http:\/\/www.schoene-nachrichten.de\/wp-content\/uploads\/2008\/06\/080622_groma.jpg\" target=\"_blank\"><img decoding=\"async\" class=\"alignleft size-thumbnail wp-image-10028\" title=\"080622_groma\" src=\"http:\/\/www.schoene-nachrichten.de\/wp-content\/uploads\/2008\/06\/080622_groma-128x85.jpg\" alt=\"\" hspace=\"5\" width=\"128\" height=\"85\" align=\"left\" srcset=\"https:\/\/www.fuldaernachrichten.de\/wp-content\/uploads\/2008\/06\/080622_groma-128x85.jpg 128w, https:\/\/www.fuldaernachrichten.de\/wp-content\/uploads\/2008\/06\/080622_groma.jpg 592w\" sizes=\"(max-width: 128px) 100vw, 128px\" \/><\/a><strong>Fulda\/Bad Neustadt.<\/strong> Eingeladen hatte k\u00fcrzlich das Unternehmen Wehner-Groma zu seinem allj\u00e4hrlichen Sommerfest. Mittlerweile ist dieses Fest eine sch\u00f6ne Tradition geworden, eingeladen waren dazu alle Mitarbeiter und deren Familien sowie viele ehemalige Mitarbeiter und Mitarbeiterinnen. Eine Gelegenheit f\u00fcr die Familien, das Arbeitsumfeld kennenzulernen, Gelegenheit auch, Neuigkeiten aus den anderen Niederlassungen auszutauschen und ebenso Gelegenheit f\u00fcr die Ehemaligen, Informationen aus \u201eihrem\u201c Unternehmen zu erhalten.<!--more--><\/p>\n<p>Der Parkplatz der Niederlassung in Bad Neustadt wurde umfunktioniert zu einer gro\u00dfen Festhalle, in der die zahlreichen G\u00e4ste Platz fanden, um sich zu unterhalten, gemeinsam zu essen und dem Programm zu folgen. Musikalisch unterst\u00fctzt wurde die Veranstaltung von der Stadtkapelle M\u00fcnnerstadt. Wie es sich f\u00fcr ein Sommerfest geh\u00f6rt, standen Bierb\u00e4nke und \u2013tische vor dem Groma-Geb\u00e4ude. Neben mehreren Kinderattraktionen wie Torwandschie\u00dfen und einer H\u00fcpfburg stand f\u00fcr Gro\u00df und Klein auch ein vielf\u00e4ltiges B\u00fcffet bereit.<\/p>\n<p>Anl\u00e4sslich des 20-j\u00e4hrigen Jubil\u00e4ums des Gro\u00dfverbraucher-Service Intergast hatte sich das Unternehmen Wehner Groma etwas ganz Besonderes einfallen lassen und am Tag des Sommerfestes zu einem \u201eCharity-Lauf\u201c mit allen Mitarbeitern eingeladen: Intergast ist ein im Jahre 1988 gegr\u00fcndeter Unternehmensverbund mit 35 selbstst\u00e4ndigen Food-Service Handelsunternehmen.<\/p>\n<p>Der Startschuss fiel bereits fr\u00fch morgens um 8.00 Uhr an der Zentrale in Fulda in der Kreuzbergstra\u00dfe. Zur\u00fcckgelegt wurde insgesamt eine Strecke von 68 Kilometern von den Sportlern, denn Ziel war das Sommerfest und damit die Niederlassung in Bad Neustadt. Selbstverst\u00e4ndlich musste nicht jeder Teilnehmer die gesamte Strecke bew\u00e4ltigen, die Organisatoren um Vertriebsleiter J\u00fcrgen Zentgraf hatten die Strecke in 15 Etappen aufgeteilt, an deren Ende jeweils die Intergast Fahne \u00fcbergeben wurde und die Laufgruppe wechselte.<\/p>\n<p>Das \u201eerlaufene\u201c Geld, das von Sponsoren gespendet wurde, kam der Behindertenwerkstatt Dominikus Ringeisenwerk Maria Bildhausen zugute. Eine sch\u00f6ne Idee, Lauf und Fest miteinander zu verbinden, denn am Ziel angekommen, erwartete die Mitl\u00e4ufer, G\u00e4ste und Mitarbeiter der Groma das bunte Familienfest \u2013 und nat\u00fcrlich gro\u00dfer Applaus f\u00fcr die L\u00e4ufer. Der Service deckte alle W\u00fcnsche ab: Wer eine Teilstrecke gelaufen war, wurde mit einem Shuttle-Service nach Bad Neustadt gefahren. Zus\u00e4tzlich gab es noch einen Getr\u00e4nkestand, der von L\u00e4ufern, die dort ihre \u201eEndstation\u201c hatten, herzlich angenommen wurde. H\u00f6hepunkt des Tages war ohne Frage die \u00dcbergabe des Spendenschecks in H\u00f6he von 2000 Euro.<\/p>\n<p><strong>Zum Foto:<\/strong> Hier zeigt sich die Hilfsbereitschaft in der Gemeinschaft, \u201c freut sich Hermann Schneider (3. von links) mit Marco Heinickel als stellvertretender Marktleiter, Marktleiter Bernhard Rudolf, Michael Nowotkey vom Dominikus Ringeisenwerk Maria Bildhausen, Kristin Wehner-Rundshagen und Vertriebsleiter J\u00fcrgen Zentgraf. (von links). Foto: A.Hobeck<\/p>\n","protected":false},"excerpt":{"rendered":"<div class=\"tmnf_excerpt\"><p>Fulda\/Bad Neustadt. Eingeladen hatte k\u00fcrzlich das Unternehmen Wehner-Groma zu seinem allj\u00e4hrlichen Sommerfest. Mittlerweile ist dieses Fest eine sch\u00f6ne Tradition geworden, eingeladen waren dazu alle Mitarbeiter und deren Familien sowie viele ehemalige Mitarbeiter und Mitarbeiterinnen. Eine Gelegenheit f\u00fcr die Familien, das Arbeitsumfeld kennenzulernen, Gelegenheit auch, Neuigkeiten aus den anderen Niederlassungen auszutauschen und ebenso Gelegenheit f\u00fcr die &hellip;<\/p>\n<\/div>","protected":false},"author":1,"featured_media":0,"comment_status":"closed","ping_status":"closed","sticky":false,"template":"","format":"standard","meta":{"footnotes":""},"categories":[1,46],"tags":[],"class_list":["post-10023","post","type-post","status-publish","format-standard","hentry","category-startseite","category-sport"],"_links":{"self":[{"href":"https:\/\/www.fuldaernachrichten.de\/index.php?rest_route=\/wp\/v2\/posts\/10023","targetHints":{"allow":["GET"]}}],"collection":[{"href":"https:\/\/www.fuldaernachrichten.de\/index.php?rest_route=\/wp\/v2\/posts"}],"about":[{"href":"https:\/\/www.fuldaernachrichten.de\/index.php?rest_route=\/wp\/v2\/types\/post"}],"author":[{"embeddable":true,"href":"https:\/\/www.fuldaernachrichten.de\/index.php?rest_route=\/wp\/v2\/users\/1"}],"replies":[{"embeddable":true,"href":"https:\/\/www.fuldaernachrichten.de\/index.php?rest_route=%2Fwp%2Fv2%2Fcomments&post=10023"}],"version-history":[{"count":0,"href":"https:\/\/www.fuldaernachrichten.de\/index.php?rest_route=\/wp\/v2\/posts\/10023\/revisions"}],"wp:attachment":[{"href":"https:\/\/www.fuldaernachrichten.de\/index.php?rest_route=%2Fwp%2Fv2%2Fmedia&parent=10023"}],"wp:term":[{"taxonomy":"category","embeddable":true,"href":"https:\/\/www.fuldaernachrichten.de\/index.php?rest_route=%2Fwp%2Fv2%2Fcategories&post=10023"},{"taxonomy":"post_tag","embeddable":true,"href":"https:\/\/www.fuldaernachrichten.de\/index.php?rest_route=%2Fwp%2Fv2%2Ftags&post=10023"}],"curies":[{"name":"wp","href":"https:\/\/api.w.org\/{rel}","templated":true}]}}